{"id":6177,"date":"2020-09-25T15:13:05","date_gmt":"2020-09-25T20:13:05","guid":{"rendered":"https:\/\/encuentroinformativo.com.mx\/?p=6177"},"modified":"2020-09-25T15:13:07","modified_gmt":"2020-09-25T20:13:07","slug":"dirigencia-perredista-cuestiona-gira-presidencial","status":"publish","type":"post","link":"https:\/\/encuentroinformativo.com.mx\/?p=6177","title":{"rendered":"Dirigencia perredista cuestiona gira presidencial"},"content":{"rendered":"\n<p><strong>Dar\u00edo Pale <\/strong><\/p>\n\n\n\n<p>Xalapa, Ver.- El Presidente del Comit\u00e9 Directivo Estatal (CDE) del Partido de la Revoluci\u00f3n Democr\u00e1tica (PRD), Sergio Antonio Cadena Mart\u00ednez dio a conocer que la gira del presidente Andr\u00e9s Manuel L\u00f3pez Obrador a Veracruz este fin de semana es \u00fanicamente para dar el respaldo al gobernador Cuitl\u00e1huac Garc\u00eda Jim\u00e9nez, ya que seg\u00fan es el m\u00e1s honesto pero el m\u00e1s inepto del pa\u00eds.<\/p>\n\n\n\n<p>En conferencia de prensa previo a la toma de protesta del nuevo comit\u00e9 municipal se\u00f1al\u00f3 que, en la entidad veracruzana sus gobernantes ligados a la Cuarta Transformaci\u00f3n siguen sin repuntar ante las y los ciudadanos, y esto causa preocupaci\u00f3n pues el 2021 es un a\u00f1o electoral.<\/p>\n\n\n\n<p>\u201cComo est\u00e1 es la tercera reserva electoral del pa\u00eds est\u00e1 preocupado por lo que est\u00e1 pasando y viene a dar el espaldarazo a un gobernador que la verdad no sabemos a qu\u00e9 se dedica ni qu\u00e9 hace\u201d, se\u00f1al\u00f3.<\/p>\n\n\n\n<p>El l\u00edder perredista critic\u00f3 que el Gobierno del Estado no trabaje para disminuir los casos de contagios por COVID-19, incluso ha estado endeudando a los veracruzanos.<\/p>\n\n\n\n<p>\u201cSolamente est\u00e1 endeudando m\u00e1s el estado, y va a utilizar mil 100 millones de pesos que es una nueva deuda p\u00fablica que va a incrementar la que ya hay de m\u00e1s de mil 500 millones de pesos y, que diga que obras se van a hacer, cuales se van a hacer\u201d, acus\u00f3.<\/p>\n\n\n\n<p>Este fin de semana, el presidente de M\u00e9xico Andr\u00e9s Manuel L\u00f3pez Obrador, visitar\u00e1 la entidad veracruzana para poder supervisar programas sociales como Bienestar, entre otros conflictos de tierras que hay en el municipio de Coatepec.<\/p>\n","protected":false},"excerpt":{"rendered":"<p>Dar\u00edo Pale Xalapa, Ver.- El Presidente del Comit\u00e9 Directivo Estatal (CDE) del Partido de la Revoluci\u00f3n Democr\u00e1tica (PRD), Sergio Antonio Cadena Mart\u00ednez dio a conocer que la gira del presidente Andr\u00e9s Manuel L\u00f3pez Obrador a Veracruz este fin de semana es \u00fanicamente para dar el respaldo al gobernador Cuitl\u00e1huac Garc\u00eda Jim\u00e9nez, ya que seg\u00fan es [&hellip;]<\/p>\n","protected":false},"author":1,"featured_media":6178,"comment_status":"open","ping_status":"open","sticky":false,"template":"","format":"aside","meta":{"_jetpack_memberships_contains_paid_content":false,"footnotes":""},"categories":[3],"tags":[],"class_list":["post-6177","post","type-post","status-publish","format-aside","has-post-thumbnail","hentry","category-xalapa","post_format-post-format-aside"],"jetpack_featured_media_url":"https:\/\/encuentroinformativo.com.mx\/wp-content\/uploads\/2020\/09\/7B30F8B4-F161-435E-953D-13DC9CA4ED47.jpeg","jetpack_sharing_enabled":true,"jetpack_likes_enabled":true,"amp_enabled":true,"_links":{"self":[{"href":"https:\/\/encuentroinformativo.com.mx\/index.php?rest_route=\/wp\/v2\/posts\/6177","targetHints":{"allow":["GET"]}}],"collection":[{"href":"https:\/\/encuentroinformativo.com.mx\/index.php?rest_route=\/wp\/v2\/posts"}],"about":[{"href":"https:\/\/encuentroinformativo.com.mx\/index.php?rest_route=\/wp\/v2\/types\/post"}],"author":[{"embeddable":true,"href":"https:\/\/encuentroinformativo.com.mx\/index.php?rest_route=\/wp\/v2\/users\/1"}],"replies":[{"embeddable":true,"href":"https:\/\/encuentroinformativo.com.mx\/index.php?rest_route=%2Fwp%2Fv2%2Fcomments&post=6177"}],"version-history":[{"count":1,"href":"https:\/\/encuentroinformativo.com.mx\/index.php?rest_route=\/wp\/v2\/posts\/6177\/revisions"}],"predecessor-version":[{"id":6179,"href":"https:\/\/encuentroinformativo.com.mx\/index.php?rest_route=\/wp\/v2\/posts\/6177\/revisions\/6179"}],"wp:featuredmedia":[{"embeddable":true,"href":"https:\/\/encuentroinformativo.com.mx\/index.php?rest_route=\/wp\/v2\/media\/6178"}],"wp:attachment":[{"href":"https:\/\/encuentroinformativo.com.mx\/index.php?rest_route=%2Fwp%2Fv2%2Fmedia&parent=6177"}],"wp:term":[{"taxonomy":"category","embeddable":true,"href":"https:\/\/encuentroinformativo.com.mx\/index.php?rest_route=%2Fwp%2Fv2%2Fcategories&post=6177"},{"taxonomy":"post_tag","embeddable":true,"href":"https:\/\/encuentroinformativo.com.mx\/index.php?rest_route=%2Fwp%2Fv2%2Ftags&post=6177"}],"curies":[{"name":"wp","href":"https:\/\/api.w.org\/{rel}","templated":true}]}}