{"id":61804,"date":"2024-12-10T09:50:20","date_gmt":"2024-12-10T15:50:20","guid":{"rendered":"https:\/\/encuentroinformativo.com.mx\/?p=61804"},"modified":"2024-12-10T09:50:20","modified_gmt":"2024-12-10T15:50:20","slug":"confirman-concierto-de-tito-double-p-en-auditorio-benito-juarez","status":"publish","type":"post","link":"https:\/\/encuentroinformativo.com.mx\/?p=61804","title":{"rendered":"Confirman concierto de Tito Double P en auditorio &#8220;Benito Ju\u00e1rez&#8221;"},"content":{"rendered":"<p style=\"padding-left: 40px;\"><strong style=\"font-size: 1rem;\">Alejandro \u00c1vila<\/strong><\/p>\n<p>Boca del R\u00edo, Ver.- La tarde de este lunes fue anunciando en conferencia de prensa el concierto de Tito Double P en Veracruz, siendo el auditorio Benito Ju\u00e1rez el recinto donde se presentar\u00e1 uno de los m\u00e1ximos exponentes de los corridos tumbados.<\/p>\n<p>Javier Reynoso, director general de REYNOSO Producciones, detall\u00f3 que la presentaci\u00f3n de Tito Double P se efectuar\u00e1 el pr\u00f3ximo lunes 16 de diciembre en el mencionado recinto y se congratul\u00f3 que empresas de espect\u00e1culos y conciertos como ALAVEZ MUSIC conf\u00eden en Veracruz para presentar estos shows internacionales.<\/p>\n<p>Reynoso Zamudio detall\u00f3 que se trata de un concierto ciento por ciento confirmado, se contar\u00e1 con la participaci\u00f3n de dos cantantes teloneros y se cuenta con toda la seguridad privada de \u201cT\u00e1ctica\u201d, adem\u00e1s de la coordinaci\u00f3n de Protecci\u00f3n Civil municipal.<\/p>\n<p>La venta de boletos es en l\u00ednea a trav\u00e9s de www.superboletos.com as\u00ed como en las taquillas del Auditorio Benito Ju\u00e1rez de 11 de la ma\u00f1ana a 6 de la tarde; adem\u00e1s de Palacio de Hierro e Innovasport de Plaza Andamar.<\/p>\n<p>Tito Double P regresa a Veracruz despu\u00e9s de su exitosa presentaci\u00f3n en el Coca Cola Flow Fest 2024 y su Tour #INC\u00d3MODO, por lo que nadie puede perderse este concierto que promete ser una gran noche de corridos tumbados.<\/p>\n<p>Recordemos que Tito Double P inici\u00f3 su carrera como cantante de la mano de Luis R Conr\u00edquez con quien grab\u00f3 \u201cDembow B\u00e9lico\u201d, un tema urbano y con los toques de donde proviene el reggaet\u00f3n.<\/p>\n<p>Tambi\u00e9n grab\u00f3 \u201cLa 701\u201d, un corrido b\u00e9lico en colaboraci\u00f3n con Luis R Conriquez, y ambas canciones son de su autor\u00eda.<\/p>\n","protected":false},"excerpt":{"rendered":"<p>Alejandro \u00c1vila Boca del R\u00edo, Ver.- La tarde de este lunes fue anunciando en conferencia de prensa el concierto de Tito Double P en Veracruz, siendo el auditorio Benito Ju\u00e1rez el recinto donde se presentar\u00e1 uno de los m\u00e1ximos exponentes de los corridos tumbados. Javier Reynoso, director general de REYNOSO Producciones, detall\u00f3 que la presentaci\u00f3n [&hellip;]<\/p>\n","protected":false},"author":2476,"featured_media":61805,"comment_status":"open","ping_status":"open","sticky":false,"template":"","format":"standard","meta":{"_jetpack_memberships_contains_paid_content":false,"footnotes":""},"categories":[2],"tags":[],"class_list":["post-61804","post","type-post","status-publish","format-standard","has-post-thumbnail","hentry","category-estado"],"jetpack_featured_media_url":"https:\/\/encuentroinformativo.com.mx\/wp-content\/uploads\/2024\/12\/IMG-20241210-WA00102.jpg","jetpack_sharing_enabled":true,"jetpack_likes_enabled":true,"amp_enabled":true,"_links":{"self":[{"href":"https:\/\/encuentroinformativo.com.mx\/index.php?rest_route=\/wp\/v2\/posts\/61804","targetHints":{"allow":["GET"]}}],"collection":[{"href":"https:\/\/encuentroinformativo.com.mx\/index.php?rest_route=\/wp\/v2\/posts"}],"about":[{"href":"https:\/\/encuentroinformativo.com.mx\/index.php?rest_route=\/wp\/v2\/types\/post"}],"author":[{"embeddable":true,"href":"https:\/\/encuentroinformativo.com.mx\/index.php?rest_route=\/wp\/v2\/users\/2476"}],"replies":[{"embeddable":true,"href":"https:\/\/encuentroinformativo.com.mx\/index.php?rest_route=%2Fwp%2Fv2%2Fcomments&post=61804"}],"version-history":[{"count":1,"href":"https:\/\/encuentroinformativo.com.mx\/index.php?rest_route=\/wp\/v2\/posts\/61804\/revisions"}],"predecessor-version":[{"id":61806,"href":"https:\/\/encuentroinformativo.com.mx\/index.php?rest_route=\/wp\/v2\/posts\/61804\/revisions\/61806"}],"wp:featuredmedia":[{"embeddable":true,"href":"https:\/\/encuentroinformativo.com.mx\/index.php?rest_route=\/wp\/v2\/media\/61805"}],"wp:attachment":[{"href":"https:\/\/encuentroinformativo.com.mx\/index.php?rest_route=%2Fwp%2Fv2%2Fmedia&parent=61804"}],"wp:term":[{"taxonomy":"category","embeddable":true,"href":"https:\/\/encuentroinformativo.com.mx\/index.php?rest_route=%2Fwp%2Fv2%2Fcategories&post=61804"},{"taxonomy":"post_tag","embeddable":true,"href":"https:\/\/encuentroinformativo.com.mx\/index.php?rest_route=%2Fwp%2Fv2%2Ftags&post=61804"}],"curies":[{"name":"wp","href":"https:\/\/api.w.org\/{rel}","templated":true}]}}