{"id":61810,"date":"2024-12-10T10:02:45","date_gmt":"2024-12-10T16:02:45","guid":{"rendered":"https:\/\/encuentroinformativo.com.mx\/?p=61810"},"modified":"2024-12-10T10:02:45","modified_gmt":"2024-12-10T16:02:45","slug":"sera-morena-veracruz-quien-decida-candidatos-en-2025-esteban-ramirez","status":"publish","type":"post","link":"https:\/\/encuentroinformativo.com.mx\/?p=61810","title":{"rendered":"Ser\u00e1 Morena Veracruz quien decida candidatos en 2025: Esteban Ram\u00edrez"},"content":{"rendered":"<p><strong style=\"font-size: 1rem;\">Alejandro \u00c1vila<\/strong><\/p>\n<p>Veracruz, Ver.- Esteban Ram\u00edrez Zepeta, presidente del Comit\u00e9 Ejecutivo Estatal de Morena en Veracruz, afirm\u00f3 que ser\u00e1 el propio partido el que tome las decisiones y las definiciones rumbo al proceso electoral del 2025, en el que se elegir\u00e1n a las y los 212 candidatos a alcaldes y alcaldesas en el estado.<\/p>\n<p>\u201cEn Morena las decisiones y las definiciones rumbo al proceso interno en el que elegiremos a las y los 212 candidatos, las toma y tomar\u00e1 el partido y no un senador o un diputado. No se equivoquen, esto es muy claro porque est\u00e1 en nuestros estatutos\u201d, agreg\u00f3.<\/p>\n<p>El dirigente estatal morenista insisti\u00f3 en que todos deben de ser pacientes, puesto que es el propio partido el que maneja sus reglas en los procesos internos.<\/p>\n<p>\u201cYo hago un llamado a la paciencia y a la prudencia. El partido tiene sus propios tiempos y sus propias reglas y estos no se alteran por el inter\u00e9s de unos o de otros. Sobre los intereses del partido y del movimiento no habr\u00e1 ning\u00fan inter\u00e9s personal\u201d concluy\u00f3.<\/p>\n","protected":false},"excerpt":{"rendered":"<p>Alejandro \u00c1vila Veracruz, Ver.- Esteban Ram\u00edrez Zepeta, presidente del Comit\u00e9 Ejecutivo Estatal de Morena en Veracruz, afirm\u00f3 que ser\u00e1 el propio partido el que tome las decisiones y las definiciones rumbo al proceso electoral del 2025, en el que se elegir\u00e1n a las y los 212 candidatos a alcaldes y alcaldesas en el estado. \u201cEn [&hellip;]<\/p>\n","protected":false},"author":2476,"featured_media":61811,"comment_status":"open","ping_status":"open","sticky":false,"template":"","format":"standard","meta":{"_jetpack_memberships_contains_paid_content":false,"footnotes":""},"categories":[2],"tags":[],"class_list":["post-61810","post","type-post","status-publish","format-standard","has-post-thumbnail","hentry","category-estado"],"jetpack_featured_media_url":"https:\/\/encuentroinformativo.com.mx\/wp-content\/uploads\/2024\/12\/IMG-20241210-WA0015.jpg","jetpack_sharing_enabled":true,"jetpack_likes_enabled":true,"amp_enabled":true,"_links":{"self":[{"href":"https:\/\/encuentroinformativo.com.mx\/index.php?rest_route=\/wp\/v2\/posts\/61810","targetHints":{"allow":["GET"]}}],"collection":[{"href":"https:\/\/encuentroinformativo.com.mx\/index.php?rest_route=\/wp\/v2\/posts"}],"about":[{"href":"https:\/\/encuentroinformativo.com.mx\/index.php?rest_route=\/wp\/v2\/types\/post"}],"author":[{"embeddable":true,"href":"https:\/\/encuentroinformativo.com.mx\/index.php?rest_route=\/wp\/v2\/users\/2476"}],"replies":[{"embeddable":true,"href":"https:\/\/encuentroinformativo.com.mx\/index.php?rest_route=%2Fwp%2Fv2%2Fcomments&post=61810"}],"version-history":[{"count":1,"href":"https:\/\/encuentroinformativo.com.mx\/index.php?rest_route=\/wp\/v2\/posts\/61810\/revisions"}],"predecessor-version":[{"id":61812,"href":"https:\/\/encuentroinformativo.com.mx\/index.php?rest_route=\/wp\/v2\/posts\/61810\/revisions\/61812"}],"wp:featuredmedia":[{"embeddable":true,"href":"https:\/\/encuentroinformativo.com.mx\/index.php?rest_route=\/wp\/v2\/media\/61811"}],"wp:attachment":[{"href":"https:\/\/encuentroinformativo.com.mx\/index.php?rest_route=%2Fwp%2Fv2%2Fmedia&parent=61810"}],"wp:term":[{"taxonomy":"category","embeddable":true,"href":"https:\/\/encuentroinformativo.com.mx\/index.php?rest_route=%2Fwp%2Fv2%2Fcategories&post=61810"},{"taxonomy":"post_tag","embeddable":true,"href":"https:\/\/encuentroinformativo.com.mx\/index.php?rest_route=%2Fwp%2Fv2%2Ftags&post=61810"}],"curies":[{"name":"wp","href":"https:\/\/api.w.org\/{rel}","templated":true}]}}