{"id":61827,"date":"2024-12-10T13:11:58","date_gmt":"2024-12-10T19:11:58","guid":{"rendered":"https:\/\/encuentroinformativo.com.mx\/?p=61827"},"modified":"2024-12-10T13:11:58","modified_gmt":"2024-12-10T19:11:58","slug":"regulacion-de-gruas-evitara-actos-de-corrupcion-segob","status":"publish","type":"post","link":"https:\/\/encuentroinformativo.com.mx\/?p=61827","title":{"rendered":"Regulaci\u00f3n de gr\u00faas, evitar\u00e1 actos de corrupci\u00f3n: Segob"},"content":{"rendered":"<p><strong>Dar\u00edo Pale\u00a0<\/strong><\/p>\n<p>Xalapa, Ver.- <span style=\"font-size: 1rem;\">Confirma que es ver\u00eddico el oficio que circul\u00f3 en el que se establece que a partir del 6 de diciembre qued\u00f3 prohibido a los agentes de Tr\u00e1nsito llamar a la gr\u00faa por cualquier motivo para llevarse un veh\u00edculo, as\u00ed lo dio a conocer el secretario de Gobierno, Ricardo Ahued Bardahuil.<\/span><\/p>\n<div dir=\"auto\"><span style=\"font-size: 1rem;\">En conferencia de prensa se\u00f1al\u00f3 que, es verdad, se proh\u00edben los arrastre de gr\u00faa por cualquier motivo, se analiza iniciativa de reforma a la Ley de Tr\u00e1nsito expuso que la instrucci\u00f3n es evitar actos de corrupci\u00f3n.<\/span><\/div>\n<div dir=\"auto\"><\/div>\n<div dir=\"auto\">En el documento se defini\u00f3 que los elementos de Tr\u00e1nsito y Seguridad Vial deber\u00e1n abstenerse de solicitar una gr\u00faa, salvo cuando exista un accidente de tr\u00e1nsito, aseguramiento de objetos ante un hecho delictivo o que sea utilizado en la comisi\u00f3n del mismo.<\/div>\n<div dir=\"auto\"><\/div>\n<div dir=\"auto\">Asimismo, cuando el conductor maneje bajo los influjos del alcohol o alguna droga y no haya una persona de confianza para llevarse la unidad o hacerse cargo.<\/div>\n<div dir=\"auto\"><\/div>\n<div dir=\"auto\">&#8220;S\u00ed (es cierto), desde luego, es orden, es acabar con la impunidad y tener cuidado, ese desplegado es para que no se hagan acarreos que est\u00e9n plagados de alguna ilegalidad&#8221;, subray\u00f3.<\/div>\n<div dir=\"auto\"><\/div>\n<div dir=\"auto\">Expuso que la instrucci\u00f3n de la gobernadora Roc\u00edo Nahle Garc\u00eda es que el titular de la SSP debe cuidar de que no se violen los derechos de las y los ciudadanos.<\/div>\n<div dir=\"auto\"><\/div>\n<div dir=\"auto\">&#8220;Que innecesariamente tengan que andar cargando con sus veh\u00edculos, que vayan al corral\u00f3n, se van a revisar cu\u00e1les son legales y que est\u00e1n establecidos en un formato, en un registro&#8221;, se\u00f1al\u00f3.<\/div>\n<div dir=\"auto\"><\/div>\n<div dir=\"auto\">Dijo que el tema de la regularizaci\u00f3n de las empresas grueras va caminando por instrucciones de la titular del Ejecutivo.<\/div>\n<div dir=\"auto\"><\/div>\n<div dir=\"auto\">Enfatiz\u00f3 que lo que se busc\u00f3 al girar ese oficio es que se lleven los carros y que adem\u00e1s les cobren cantidades excesivas de dinero y, peor a\u00fan, que no emitan facturas.<\/div>\n<div dir=\"auto\"><\/div>\n<div dir=\"auto\">&#8220;Eso no se va a permitir, se est\u00e1n tomando medidas, inclusive se revisar\u00e1, c\u00f3mo ha sido su instrucci\u00f3n, el tema legal y legislativo para que se revise en qu\u00e9 t\u00e9rminos est\u00e1n operando y se le d\u00e9 certeza a la sociedad&#8221;, manifest\u00f3.<\/div>\n<div dir=\"auto\"><\/div>\n<div dir=\"auto\">Ricardo Ahued reconoci\u00f3 que existe una propuesta de reforma a la Ley, pero la est\u00e1n revisando para ver si se le hace alguna modificaci\u00f3n.<\/div>\n<div dir=\"auto\"><\/div>\n<div dir=\"auto\">Por \u00faltimo coment\u00f3 que, &#8220;hab\u00eda una iniciativa, se est\u00e1 revisando, si hay que hacerla o de plano hacer una completamente nueva, se est\u00e1 en este proceso&#8221;.<\/div>\n","protected":false},"excerpt":{"rendered":"<p>Dar\u00edo Pale\u00a0 Xalapa, Ver.- Confirma que es ver\u00eddico el oficio que circul\u00f3 en el que se establece que a partir del 6 de diciembre qued\u00f3 prohibido a los agentes de Tr\u00e1nsito llamar a la gr\u00faa por cualquier motivo para llevarse un veh\u00edculo, as\u00ed lo dio a conocer el secretario de Gobierno, Ricardo Ahued Bardahuil. En [&hellip;]<\/p>\n","protected":false},"author":2476,"featured_media":26296,"comment_status":"open","ping_status":"open","sticky":false,"template":"","format":"standard","meta":{"_jetpack_memberships_contains_paid_content":false,"footnotes":""},"categories":[2],"tags":[],"class_list":["post-61827","post","type-post","status-publish","format-standard","has-post-thumbnail","hentry","category-estado"],"jetpack_featured_media_url":"https:\/\/encuentroinformativo.com.mx\/wp-content\/uploads\/2022\/04\/FA711318-951A-4F6A-A7F7-62E595AE4E51.jpeg","jetpack_sharing_enabled":true,"jetpack_likes_enabled":true,"amp_enabled":true,"_links":{"self":[{"href":"https:\/\/encuentroinformativo.com.mx\/index.php?rest_route=\/wp\/v2\/posts\/61827","targetHints":{"allow":["GET"]}}],"collection":[{"href":"https:\/\/encuentroinformativo.com.mx\/index.php?rest_route=\/wp\/v2\/posts"}],"about":[{"href":"https:\/\/encuentroinformativo.com.mx\/index.php?rest_route=\/wp\/v2\/types\/post"}],"author":[{"embeddable":true,"href":"https:\/\/encuentroinformativo.com.mx\/index.php?rest_route=\/wp\/v2\/users\/2476"}],"replies":[{"embeddable":true,"href":"https:\/\/encuentroinformativo.com.mx\/index.php?rest_route=%2Fwp%2Fv2%2Fcomments&post=61827"}],"version-history":[{"count":1,"href":"https:\/\/encuentroinformativo.com.mx\/index.php?rest_route=\/wp\/v2\/posts\/61827\/revisions"}],"predecessor-version":[{"id":61828,"href":"https:\/\/encuentroinformativo.com.mx\/index.php?rest_route=\/wp\/v2\/posts\/61827\/revisions\/61828"}],"wp:featuredmedia":[{"embeddable":true,"href":"https:\/\/encuentroinformativo.com.mx\/index.php?rest_route=\/wp\/v2\/media\/26296"}],"wp:attachment":[{"href":"https:\/\/encuentroinformativo.com.mx\/index.php?rest_route=%2Fwp%2Fv2%2Fmedia&parent=61827"}],"wp:term":[{"taxonomy":"category","embeddable":true,"href":"https:\/\/encuentroinformativo.com.mx\/index.php?rest_route=%2Fwp%2Fv2%2Fcategories&post=61827"},{"taxonomy":"post_tag","embeddable":true,"href":"https:\/\/encuentroinformativo.com.mx\/index.php?rest_route=%2Fwp%2Fv2%2Ftags&post=61827"}],"curies":[{"name":"wp","href":"https:\/\/api.w.org\/{rel}","templated":true}]}}