{"id":61853,"date":"2024-12-11T10:55:40","date_gmt":"2024-12-11T16:55:40","guid":{"rendered":"https:\/\/encuentroinformativo.com.mx\/?p=61853"},"modified":"2024-12-11T10:55:40","modified_gmt":"2024-12-11T16:55:40","slug":"aprueba-cabildo-de-veracruz-mas-de-500-mil-pesos-para-curso-de-capacitacion-de-policias","status":"publish","type":"post","link":"https:\/\/encuentroinformativo.com.mx\/?p=61853","title":{"rendered":"Aprueba Cabildo de Veracruz m\u00e1s de 500 mil pesos para curso de capacitaci\u00f3n de polic\u00edas"},"content":{"rendered":"<p><strong style=\"font-size: 1rem;\">Alejandro \u00c1vila<\/strong><\/p>\n<p>Veracruz, Ver.- Hace unos d\u00edas el Cabildo de Veracruz aprob\u00f3 un presupuesto extra para la capacitaci\u00f3n de los polic\u00edas municipales, inform\u00f3 la regidora, Lissethe Mart\u00ednez Echeverr\u00eda.<\/p>\n<p>La edil de Morena puntualiz\u00f3 que el a\u00f1o pasado los cursos se realizaron en academias no avaladas por el Secretariado de Ejecutivo de Seguridad P\u00fablica, por lo cual estos no ten\u00eda ninguna validez y pugno en el Cabildo porte\u00f1o por qu\u00e9 estas acciones se realizar\u00e1n dentro del marco legal que corresponde.<\/p>\n<p>&#8220;El a\u00f1o pasado se hizo una contrataci\u00f3n de cursos de capacitaci\u00f3n academias que no est\u00e1n validadas por el Secretario de Ejecutivo, fui y exig\u00ed a la alcaldesa y este Ayuntamiento a que se invirtieron en academias que les dieran ascensos a trav\u00e9s de los cursos de capacitaci\u00f3n a la Polic\u00eda Municipal, que les diera tambi\u00e9n la capacitaci\u00f3n con perspectiva de g\u00e9nero para atender a las mujeres de nuestro municipio y se hizo una inversi\u00f3n de m\u00e1s de 500 mil pesos&#8221;, expres\u00f3.<\/p>\n<p>El contrato del Ayuntamiento de Veracruz se hizo con la Academia Regional del Sureste del Gobierno del Estado de Veracruz.<\/p>\n<p>&#8220;Esto ha sido un logro y fue con base a mucho trabajo y con decir la necesidad que estaba de urgente de atender con nuestra polic\u00eda municipal, es un beneficio tanto los elementos de la polic\u00eda municipal como a la atenci\u00f3n de la sociedad veracruzana&#8221;, culmin\u00f3.<\/p>\n","protected":false},"excerpt":{"rendered":"<p>Alejandro \u00c1vila Veracruz, Ver.- Hace unos d\u00edas el Cabildo de Veracruz aprob\u00f3 un presupuesto extra para la capacitaci\u00f3n de los polic\u00edas municipales, inform\u00f3 la regidora, Lissethe Mart\u00ednez Echeverr\u00eda. La edil de Morena puntualiz\u00f3 que el a\u00f1o pasado los cursos se realizaron en academias no avaladas por el Secretariado de Ejecutivo de Seguridad P\u00fablica, por lo [&hellip;]<\/p>\n","protected":false},"author":2476,"featured_media":61854,"comment_status":"open","ping_status":"open","sticky":false,"template":"","format":"standard","meta":{"_jetpack_memberships_contains_paid_content":false,"footnotes":""},"categories":[2],"tags":[],"class_list":["post-61853","post","type-post","status-publish","format-standard","has-post-thumbnail","hentry","category-estado"],"jetpack_featured_media_url":"https:\/\/encuentroinformativo.com.mx\/wp-content\/uploads\/2024\/12\/IMG-20241211-WA0026.jpg","jetpack_sharing_enabled":true,"jetpack_likes_enabled":true,"amp_enabled":true,"_links":{"self":[{"href":"https:\/\/encuentroinformativo.com.mx\/index.php?rest_route=\/wp\/v2\/posts\/61853","targetHints":{"allow":["GET"]}}],"collection":[{"href":"https:\/\/encuentroinformativo.com.mx\/index.php?rest_route=\/wp\/v2\/posts"}],"about":[{"href":"https:\/\/encuentroinformativo.com.mx\/index.php?rest_route=\/wp\/v2\/types\/post"}],"author":[{"embeddable":true,"href":"https:\/\/encuentroinformativo.com.mx\/index.php?rest_route=\/wp\/v2\/users\/2476"}],"replies":[{"embeddable":true,"href":"https:\/\/encuentroinformativo.com.mx\/index.php?rest_route=%2Fwp%2Fv2%2Fcomments&post=61853"}],"version-history":[{"count":1,"href":"https:\/\/encuentroinformativo.com.mx\/index.php?rest_route=\/wp\/v2\/posts\/61853\/revisions"}],"predecessor-version":[{"id":61855,"href":"https:\/\/encuentroinformativo.com.mx\/index.php?rest_route=\/wp\/v2\/posts\/61853\/revisions\/61855"}],"wp:featuredmedia":[{"embeddable":true,"href":"https:\/\/encuentroinformativo.com.mx\/index.php?rest_route=\/wp\/v2\/media\/61854"}],"wp:attachment":[{"href":"https:\/\/encuentroinformativo.com.mx\/index.php?rest_route=%2Fwp%2Fv2%2Fmedia&parent=61853"}],"wp:term":[{"taxonomy":"category","embeddable":true,"href":"https:\/\/encuentroinformativo.com.mx\/index.php?rest_route=%2Fwp%2Fv2%2Fcategories&post=61853"},{"taxonomy":"post_tag","embeddable":true,"href":"https:\/\/encuentroinformativo.com.mx\/index.php?rest_route=%2Fwp%2Fv2%2Ftags&post=61853"}],"curies":[{"name":"wp","href":"https:\/\/api.w.org\/{rel}","templated":true}]}}