{"id":61856,"date":"2024-12-11T11:51:07","date_gmt":"2024-12-11T17:51:07","guid":{"rendered":"https:\/\/encuentroinformativo.com.mx\/?p=61856"},"modified":"2024-12-11T11:51:07","modified_gmt":"2024-12-11T17:51:07","slug":"veracruz-tendra-nuevamente-la-villa-encantada-siempre-navidad","status":"publish","type":"post","link":"https:\/\/encuentroinformativo.com.mx\/?p=61856","title":{"rendered":"Veracruz tendr\u00e1 nuevamente la Villa Encantada \u00a1Siempre Navidad!"},"content":{"rendered":"<p><strong><span style=\"font-size: 1rem;\">Alejandro \u00c1vila<\/span><\/strong><\/p>\n<p>Veracruz, Ver.- Regresa a Veracruz la Villa Encantada \u00a1Siempre Navidad! con personajes famosos como Santa Claus, habr\u00e1 diferentes espect\u00e1culos diarios en vivo para ni\u00f1os y grandes, nevadas, villancicos, duendes, renos, pastorelas, sets fotogr\u00e1ficos, m\u00e1s de 50 artistas en escena y muchas sorpresas m\u00e1s que ser\u00e1n del agrado de los asistentes.<\/p>\n<p>En conferencia de prensa se dieron a conocer detalles de la apertura de esta Villa Encantada \u00a1Siempre Navidad! Veracruz que abre sus puertas al p\u00fablico en general a partir de este s\u00e1bado 14 de diciembre al 5 de enero con horario de jueves a domingo de 5:00 de la tarde a 9 de la noche.<\/p>\n<p>Pamela Aquino, creadora y productora de la Villa Encantada \u00a1Siempre Navidad!, coment\u00f3: \u201cSe trata de un parque tem\u00e1tico de gran nivel instalado en la explanada de Ylang Ylang, en donde los asistentes podr\u00e1n disfrutar y convivir con los personajes decembrinos, disfrutar de una gran nevada, as\u00ed como cantantes y shows tem\u00e1ticos, adem\u00e1s de atracciones como inflables, cuenta-cuentos, pinta cuadros, historiadores, pastorelas y muchas sorpresas\u201d.<\/p>\n<p>Agreg\u00f3 que la Villa Encantada \u00a1Siempre Navidad! contar\u00e1 con espect\u00e1culos art\u00edsticos diarios con talentos veracruzanos, m\u00e1s de 50 artistas en escena, adem\u00e1s habr\u00e1 un desfile navide\u00f1o con mini-carros aleg\u00f3ricos dentro de Ylang Ylang.<\/p>\n<p>Pamela Aquino, creadora y productora de la Villa Encantada \u00a1Siempre Navidad!, estuvo acompa\u00f1ada en la conferencia de prensa por Israel Aquino, productor asociado y director ejecutivo, as\u00ed como diversos personajes que participan en este espect\u00e1culo navide\u00f1o.<\/p>\n<p>Para finalizar comentaron que el acceso tiene un costo de 250 pesos y por inauguraci\u00f3n hay descuento del 50% para ni\u00f1os y adultos mayores presentando la credencial de INAPAM.<\/p>\n<p>Boletos: villaencantadaveracruz.boletopolis.com y en taquillas.<\/p>\n<p>Informes: 229 457 7399<\/p>\n","protected":false},"excerpt":{"rendered":"<p>Alejandro \u00c1vila Veracruz, Ver.- Regresa a Veracruz la Villa Encantada \u00a1Siempre Navidad! con personajes famosos como Santa Claus, habr\u00e1 diferentes espect\u00e1culos diarios en vivo para ni\u00f1os y grandes, nevadas, villancicos, duendes, renos, pastorelas, sets fotogr\u00e1ficos, m\u00e1s de 50 artistas en escena y muchas sorpresas m\u00e1s que ser\u00e1n del agrado de los asistentes. En conferencia de [&hellip;]<\/p>\n","protected":false},"author":2476,"featured_media":61857,"comment_status":"open","ping_status":"open","sticky":false,"template":"","format":"standard","meta":{"_jetpack_memberships_contains_paid_content":false,"footnotes":""},"categories":[2],"tags":[],"class_list":["post-61856","post","type-post","status-publish","format-standard","has-post-thumbnail","hentry","category-estado"],"jetpack_featured_media_url":"https:\/\/encuentroinformativo.com.mx\/wp-content\/uploads\/2024\/12\/IMG-20241211-WA0028.jpg","jetpack_sharing_enabled":true,"jetpack_likes_enabled":true,"amp_enabled":true,"_links":{"self":[{"href":"https:\/\/encuentroinformativo.com.mx\/index.php?rest_route=\/wp\/v2\/posts\/61856","targetHints":{"allow":["GET"]}}],"collection":[{"href":"https:\/\/encuentroinformativo.com.mx\/index.php?rest_route=\/wp\/v2\/posts"}],"about":[{"href":"https:\/\/encuentroinformativo.com.mx\/index.php?rest_route=\/wp\/v2\/types\/post"}],"author":[{"embeddable":true,"href":"https:\/\/encuentroinformativo.com.mx\/index.php?rest_route=\/wp\/v2\/users\/2476"}],"replies":[{"embeddable":true,"href":"https:\/\/encuentroinformativo.com.mx\/index.php?rest_route=%2Fwp%2Fv2%2Fcomments&post=61856"}],"version-history":[{"count":1,"href":"https:\/\/encuentroinformativo.com.mx\/index.php?rest_route=\/wp\/v2\/posts\/61856\/revisions"}],"predecessor-version":[{"id":61858,"href":"https:\/\/encuentroinformativo.com.mx\/index.php?rest_route=\/wp\/v2\/posts\/61856\/revisions\/61858"}],"wp:featuredmedia":[{"embeddable":true,"href":"https:\/\/encuentroinformativo.com.mx\/index.php?rest_route=\/wp\/v2\/media\/61857"}],"wp:attachment":[{"href":"https:\/\/encuentroinformativo.com.mx\/index.php?rest_route=%2Fwp%2Fv2%2Fmedia&parent=61856"}],"wp:term":[{"taxonomy":"category","embeddable":true,"href":"https:\/\/encuentroinformativo.com.mx\/index.php?rest_route=%2Fwp%2Fv2%2Fcategories&post=61856"},{"taxonomy":"post_tag","embeddable":true,"href":"https:\/\/encuentroinformativo.com.mx\/index.php?rest_route=%2Fwp%2Fv2%2Ftags&post=61856"}],"curies":[{"name":"wp","href":"https:\/\/api.w.org\/{rel}","templated":true}]}}