{"id":61873,"date":"2024-12-11T14:25:46","date_gmt":"2024-12-11T20:25:46","guid":{"rendered":"https:\/\/encuentroinformativo.com.mx\/?p=61873"},"modified":"2024-12-11T14:25:46","modified_gmt":"2024-12-11T20:25:46","slug":"reconocen-empresarios-acciones-contra-funcionamiento-de-gruas","status":"publish","type":"post","link":"https:\/\/encuentroinformativo.com.mx\/?p=61873","title":{"rendered":"Reconocen empresarios acciones contra funcionamiento de gr\u00faas"},"content":{"rendered":"<p><strong><span style=\"font-size: 1rem;\">Dar\u00edo Pale<\/span><\/strong><\/p>\n<p>Xalapa, Ver.- Reconocen empresarios a Gobernadora por meter en cintura a empresas gr\u00faeras, y destaca el Consejo Empresarial Metropolitano (CEM), decisi\u00f3n firme de eliminar la caseta del Coatzacoalcos 1, as\u00ed lo dio a conocer el presidente del Consejo Fernando Arana Watty.<\/p>\n<p>En entrevista reconoci\u00f3 las decisiones firmes y por el bien com\u00fan que ha tomado la gobernadora Roc\u00edo Nahle Garc\u00eda en los primeros d\u00edas de su administraci\u00f3n, tales como la prohibici\u00f3n de que las gr\u00faas arrastren los veh\u00edculos por cualquier motivo.<\/p>\n<p>Asimismo, resalt\u00f3 la acci\u00f3n de la titular del Ejecutivo al haber eliminado la caseta de cobro del puente Coatzacoalcos 1, reclamo que llevaba muchos a\u00f1os por parte de los habitantes de la zona sur de Veracruz.<\/p>\n<p>\u201cHab\u00edamos pedido una soluci\u00f3n a la administraci\u00f3n anterior y no hizo nada para buscarla, hoy la Gobernadora, junto con el secretario de Gobierno, Ricardo Ahued, toman la muy acertada decisi\u00f3n de que las gr\u00faas s\u00f3lo sean utilizadas en caso de accidente o, en caso de que el conductor no pueda manejar el veh\u00edculo\u201d, se\u00f1al\u00f3.<\/p>\n<p>El l\u00edder empresarial opin\u00f3 que la decisi\u00f3n de la titular del Ejecutivo del Estado muestra el compromiso para el bien com\u00fan en apoyo al desarrollo econ\u00f3mico, apoyo a las familias y, sobre todo, para la atracci\u00f3n al turismo, ya que el arrastre constante de las gr\u00faas afectaba el desarrollo de las ciudades.<\/p>\n<p>Por \u00faltimo coment\u00f3 que, \u201ctanto la Gobernadora como el secretario de Gobierno est\u00e1n demostrando que est\u00e1n dando resultados en temas importantes de forma r\u00e1pida, pr\u00e1ctica y con firmeza, por lo tanto, reconozco su gran voluntad pol\u00edtica para desarrollar y dar resultados para la unidad y el desarrollo de Veracruz. El tema de las gr\u00faas ven\u00eda afectando a veracruzanos, turistas, sobre todo por los abusos de la autoridad\u201d.<\/p>\n","protected":false},"excerpt":{"rendered":"<p>Dar\u00edo Pale Xalapa, Ver.- Reconocen empresarios a Gobernadora por meter en cintura a empresas gr\u00faeras, y destaca el Consejo Empresarial Metropolitano (CEM), decisi\u00f3n firme de eliminar la caseta del Coatzacoalcos 1, as\u00ed lo dio a conocer el presidente del Consejo Fernando Arana Watty. En entrevista reconoci\u00f3 las decisiones firmes y por el bien com\u00fan que [&hellip;]<\/p>\n","protected":false},"author":2476,"featured_media":61874,"comment_status":"open","ping_status":"open","sticky":false,"template":"","format":"standard","meta":{"_jetpack_memberships_contains_paid_content":false,"footnotes":""},"categories":[2],"tags":[],"class_list":["post-61873","post","type-post","status-publish","format-standard","has-post-thumbnail","hentry","category-estado"],"jetpack_featured_media_url":"https:\/\/encuentroinformativo.com.mx\/wp-content\/uploads\/2024\/12\/IMG-20241211-WA00561.jpg","jetpack_sharing_enabled":true,"jetpack_likes_enabled":true,"amp_enabled":true,"_links":{"self":[{"href":"https:\/\/encuentroinformativo.com.mx\/index.php?rest_route=\/wp\/v2\/posts\/61873","targetHints":{"allow":["GET"]}}],"collection":[{"href":"https:\/\/encuentroinformativo.com.mx\/index.php?rest_route=\/wp\/v2\/posts"}],"about":[{"href":"https:\/\/encuentroinformativo.com.mx\/index.php?rest_route=\/wp\/v2\/types\/post"}],"author":[{"embeddable":true,"href":"https:\/\/encuentroinformativo.com.mx\/index.php?rest_route=\/wp\/v2\/users\/2476"}],"replies":[{"embeddable":true,"href":"https:\/\/encuentroinformativo.com.mx\/index.php?rest_route=%2Fwp%2Fv2%2Fcomments&post=61873"}],"version-history":[{"count":1,"href":"https:\/\/encuentroinformativo.com.mx\/index.php?rest_route=\/wp\/v2\/posts\/61873\/revisions"}],"predecessor-version":[{"id":61875,"href":"https:\/\/encuentroinformativo.com.mx\/index.php?rest_route=\/wp\/v2\/posts\/61873\/revisions\/61875"}],"wp:featuredmedia":[{"embeddable":true,"href":"https:\/\/encuentroinformativo.com.mx\/index.php?rest_route=\/wp\/v2\/media\/61874"}],"wp:attachment":[{"href":"https:\/\/encuentroinformativo.com.mx\/index.php?rest_route=%2Fwp%2Fv2%2Fmedia&parent=61873"}],"wp:term":[{"taxonomy":"category","embeddable":true,"href":"https:\/\/encuentroinformativo.com.mx\/index.php?rest_route=%2Fwp%2Fv2%2Fcategories&post=61873"},{"taxonomy":"post_tag","embeddable":true,"href":"https:\/\/encuentroinformativo.com.mx\/index.php?rest_route=%2Fwp%2Fv2%2Ftags&post=61873"}],"curies":[{"name":"wp","href":"https:\/\/api.w.org\/{rel}","templated":true}]}}