{"id":61882,"date":"2024-12-11T19:42:52","date_gmt":"2024-12-12T01:42:52","guid":{"rendered":"https:\/\/encuentroinformativo.com.mx\/?p=61882"},"modified":"2024-12-11T19:42:52","modified_gmt":"2024-12-12T01:42:52","slug":"exhorta-diputada-a-dar-mayor-impulso-a-la-vainilla-de-veracruz","status":"publish","type":"post","link":"https:\/\/encuentroinformativo.com.mx\/?p=61882","title":{"rendered":"Exhorta diputada a dar mayor impulso a la vainilla de Veracruz"},"content":{"rendered":"<p><strong>*Indispensable el dise\u00f1o de estrategias para darle el lugar que merece: Miriam Garc\u00eda Guzm\u00e1n.<\/strong><\/p>\n<p>Xalapa, Ver.- Generar espacios de participaci\u00f3n y comunicaci\u00f3n, gestionar la vigilancia de las cosechas y promover el consumo de la vainilla, detonar\u00e1 mejores condiciones sociales y econ\u00f3micas para las y los productores veracruzanos, asever\u00f3 la diputada Miriam Garc\u00eda Guzm\u00e1n a trav\u00e9s de un pronunciamiento.<\/p>\n<p><span style=\"font-size: 1rem;\">En marco del pr\u00f3ximo D\u00eda Nacional de la Vainilla (16 de diciembre), la legisladora del distrito VI de Papantla destac\u00f3 los atributos que la orqu\u00eddea end\u00e9mica tiene en los \u00e1mbitos sensoriales, sociales, est\u00e9ticos, culinarios y culturales, los cuales la mantienen como un elemento importante para M\u00e9xico y el mundo.<\/span><\/p>\n<p><span style=\"font-size: 1rem;\">En lo econ\u00f3mico, puntualiz\u00f3, seg\u00fan datos de la Organizaci\u00f3n de las Naciones Unidas para la Alimentaci\u00f3n y Agricultura, la vainilla nacional coloca a M\u00e9xico entre los cinco productores mundiales con el 9.9 por ciento de producci\u00f3n, \u201ces decir, 609 toneladas al a\u00f1o, siendo Veracruz el principal productor con una participaci\u00f3n de 76.4 por ciento con un volumen superior a las 400 toneladas\u201d.<\/span><\/p>\n<p><span style=\"font-size: 1rem;\">Sin embargo, asegur\u00f3 la diputada, es necesario visibilizar estrategias de soluci\u00f3n a los retos ambientales, econ\u00f3micos y de seguridad a los que se enfrenta el sector vainillero en Veracruz, que van desde la deforestaci\u00f3n, p\u00e9rdida del h\u00e1bitat y sequ\u00edas, sustitutos sint\u00e9ticos, corte adelantado, robo de cultivos a campesinos y productores, hasta la competencia econ\u00f3mica internacional.<\/span><\/p>\n<p><span style=\"font-size: 1rem;\">\u201cC\u00f3mo representantes populares tenemos el compromiso de escuchar y atender las demandas de las y los vainilleros de Veracruz\u201d, concluy\u00f3.<\/span><\/p>\n","protected":false},"excerpt":{"rendered":"<p>*Indispensable el dise\u00f1o de estrategias para darle el lugar que merece: Miriam Garc\u00eda Guzm\u00e1n. Xalapa, Ver.- Generar espacios de participaci\u00f3n y comunicaci\u00f3n, gestionar la vigilancia de las cosechas y promover el consumo de la vainilla, detonar\u00e1 mejores condiciones sociales y econ\u00f3micas para las y los productores veracruzanos, asever\u00f3 la diputada Miriam Garc\u00eda Guzm\u00e1n a trav\u00e9s [&hellip;]<\/p>\n","protected":false},"author":2476,"featured_media":61884,"comment_status":"open","ping_status":"open","sticky":false,"template":"","format":"standard","meta":{"_jetpack_memberships_contains_paid_content":false,"footnotes":""},"categories":[2],"tags":[],"class_list":["post-61882","post","type-post","status-publish","format-standard","has-post-thumbnail","hentry","category-estado"],"jetpack_featured_media_url":"https:\/\/encuentroinformativo.com.mx\/wp-content\/uploads\/2024\/12\/NOV11DIC2024MIRIAM1.jpeg","jetpack_sharing_enabled":true,"jetpack_likes_enabled":true,"amp_enabled":true,"_links":{"self":[{"href":"https:\/\/encuentroinformativo.com.mx\/index.php?rest_route=\/wp\/v2\/posts\/61882","targetHints":{"allow":["GET"]}}],"collection":[{"href":"https:\/\/encuentroinformativo.com.mx\/index.php?rest_route=\/wp\/v2\/posts"}],"about":[{"href":"https:\/\/encuentroinformativo.com.mx\/index.php?rest_route=\/wp\/v2\/types\/post"}],"author":[{"embeddable":true,"href":"https:\/\/encuentroinformativo.com.mx\/index.php?rest_route=\/wp\/v2\/users\/2476"}],"replies":[{"embeddable":true,"href":"https:\/\/encuentroinformativo.com.mx\/index.php?rest_route=%2Fwp%2Fv2%2Fcomments&post=61882"}],"version-history":[{"count":1,"href":"https:\/\/encuentroinformativo.com.mx\/index.php?rest_route=\/wp\/v2\/posts\/61882\/revisions"}],"predecessor-version":[{"id":61885,"href":"https:\/\/encuentroinformativo.com.mx\/index.php?rest_route=\/wp\/v2\/posts\/61882\/revisions\/61885"}],"wp:featuredmedia":[{"embeddable":true,"href":"https:\/\/encuentroinformativo.com.mx\/index.php?rest_route=\/wp\/v2\/media\/61884"}],"wp:attachment":[{"href":"https:\/\/encuentroinformativo.com.mx\/index.php?rest_route=%2Fwp%2Fv2%2Fmedia&parent=61882"}],"wp:term":[{"taxonomy":"category","embeddable":true,"href":"https:\/\/encuentroinformativo.com.mx\/index.php?rest_route=%2Fwp%2Fv2%2Fcategories&post=61882"},{"taxonomy":"post_tag","embeddable":true,"href":"https:\/\/encuentroinformativo.com.mx\/index.php?rest_route=%2Fwp%2Fv2%2Ftags&post=61882"}],"curies":[{"name":"wp","href":"https:\/\/api.w.org\/{rel}","templated":true}]}}