{"id":61886,"date":"2024-12-11T19:47:38","date_gmt":"2024-12-12T01:47:38","guid":{"rendered":"https:\/\/encuentroinformativo.com.mx\/?p=61886"},"modified":"2024-12-11T19:48:16","modified_gmt":"2024-12-12T01:48:16","slug":"61886","status":"publish","type":"post","link":"https:\/\/encuentroinformativo.com.mx\/?p=61886","title":{"rendered":"Propone diputada incorporar en la ley la medicina tradicional y la parter\u00eda"},"content":{"rendered":"<p><strong>* Presenta Dulce Mar\u00eda Hern\u00e1ndez Tepole iniciativa que adicionar\u00eda las fracciones IX y X al Art\u00edculo 6 de la Ley de Salud estatal.<\/strong><\/p>\n<p style=\"font-weight: 400;\"><span style=\"font-size: 1rem;\">Xalapa, Ver.- La diputada Dulce Mar\u00eda Hern\u00e1ndez Tepole present\u00f3 al Pleno de la LXVII Legislatura una iniciativa con proyecto de decreto que adiciona las fracciones IX y X al Art\u00edculo 6 de la Ley de Salud del estado, con la finalidad de incorporar en este marco normativo la importancia de la riqueza cultural invaluable de la medicina tradicional y la parter\u00eda.<\/span><\/p>\n<p style=\"font-weight: 400;\"><span style=\"font-size: 1rem;\">De acuerdo con el contenido de la iniciativa, presentada durante la novena sesi\u00f3n ordinaria, adem\u00e1s de los ya establecidos, el Sistema Estatal de Salud tendr\u00eda como objetivos promover la pr\u00e1ctica de la medicina tradicional en condiciones dignas, as\u00ed como la parter\u00eda y el reconocimiento pleno de las personas que la ejercen.\u00a0\u00a0<\/span><\/p>\n<p style=\"font-weight: 400;\"><span style=\"font-size: 1rem;\">Adem\u00e1s, asegurar el acceso efectivo a los servicios de salud estatal con perspectiva intercultural, reconociendo las pr\u00e1cticas de la medicina tradicional y de la parter\u00eda.<\/span><\/p>\n<p style=\"font-weight: 400;\"><span style=\"font-size: 1rem;\">En la tribuna, la legisladora del distrito XXII de Zongolica subray\u00f3 que el 22 de octubre se conmemora el D\u00eda Mundial de la Medicina Tradicional, proclamado por la Organizaci\u00f3n Mundial de la Salud (OMS) en 1991 a trav\u00e9s de la declaraci\u00f3n de Beijing, con el objetivo de rescatar y preservar ampliamente el conocimiento medicinal que guarda.<\/span><\/p>\n<p style=\"font-weight: 400;\"><span style=\"font-size: 1rem;\">Agreg\u00f3 que otra de las actividades es la parter\u00eda, misma que durante siglos fue practicada, estudiada y adoptada por el g\u00e9nero femenino a\u00fan con restricciones e incluso tab\u00faes de la sociedad patriarcal. \u201cLas personas dedicadas a esta pr\u00e1ctica milenaria en otras culturas son reconocidas como grandes sanadoras\u201d.<\/span><\/p>\n<p style=\"font-weight: 400;\"><span style=\"font-size: 1rem;\">Por consiguiente, la diputada expres\u00f3 que ser partera es un oficio que durante los \u00faltimos a\u00f1os se realiza con una vasta experiencia y conocimiento sobre todas las etapas que desarrolla una mujer gestante, desde el embarazo, el parto, el puerperio e incluso brinda los primeros cuidados vitales para el reci\u00e9n nacido.\u00a0\u00a0<\/span><\/p>\n<p style=\"font-weight: 400;\"><span style=\"font-size: 1rem;\">Destac\u00f3 que en M\u00e9xico la parter\u00eda data de la \u00e9poca prehisp\u00e1nica y que las mujeres que se dedicaban a este oficio eran ind\u00edgenas, afrodescendientes y mestizas; \u201cellas conservaron parte de sus antiguas creencias o pr\u00e1cticas para reducir el dolor y el tiempo del parto e ignoraron las ideas impuestas por las autoridades occidentales, como la de considerar el sufrimiento e incluso la muerte de la embarazada o del beb\u00e9 como algo natural\u201d, puntualiz\u00f3.<\/span><\/p>\n<p style=\"font-weight: 400;\"><span style=\"font-size: 1rem;\">Asimismo, indic\u00f3 que la propia Secretar\u00eda de Salud de Veracruz atiende con el Programa de Medicina Tradicional Ind\u00edgena a trav\u00e9s de m\u00e9dicas y m\u00e9dicos tradicionales, promotores de salud interculturales y la Unidad de Investigaci\u00f3n de Medicina Tradicional y, en el Programa de Prevenci\u00f3n de la Mortalidad Infantil, participan las parteras tradicionales.<\/span><\/p>\n<p style=\"font-weight: 400;\"><span style=\"font-size: 1rem;\">A la iniciativa, turnada para su estudio a la Comisi\u00f3n Permanente de Salud y Asistencia, se adhirieron los Grupos Legislativos de Morena, del Partido Verde Ecologista de M\u00e9xico (PVEM) y del Partido del Trabajo (PT), as\u00ed como las diputadas Ana Rosa Vald\u00e9s Salazar, Mar\u00eda Elena C\u00f3rdova Molina y el diputado Adri\u00e1n Sigfrido \u00c1vila Estrada.<\/span><\/p>\n<p style=\"font-weight: 400;\">\n","protected":false},"excerpt":{"rendered":"<p>* Presenta Dulce Mar\u00eda Hern\u00e1ndez Tepole iniciativa que adicionar\u00eda las fracciones IX y X al Art\u00edculo 6 de la Ley de Salud estatal. Xalapa, Ver.- La diputada Dulce Mar\u00eda Hern\u00e1ndez Tepole present\u00f3 al Pleno de la LXVII Legislatura una iniciativa con proyecto de decreto que adiciona las fracciones IX y X al Art\u00edculo 6 de [&hellip;]<\/p>\n","protected":false},"author":2476,"featured_media":61887,"comment_status":"open","ping_status":"open","sticky":false,"template":"","format":"standard","meta":{"_jetpack_memberships_contains_paid_content":false,"footnotes":""},"categories":[2],"tags":[],"class_list":["post-61886","post","type-post","status-publish","format-standard","has-post-thumbnail","hentry","category-estado"],"jetpack_featured_media_url":"https:\/\/encuentroinformativo.com.mx\/wp-content\/uploads\/2024\/12\/NOV11DIC2024TEPOLE1.jpeg","jetpack_sharing_enabled":true,"jetpack_likes_enabled":true,"amp_enabled":true,"_links":{"self":[{"href":"https:\/\/encuentroinformativo.com.mx\/index.php?rest_route=\/wp\/v2\/posts\/61886","targetHints":{"allow":["GET"]}}],"collection":[{"href":"https:\/\/encuentroinformativo.com.mx\/index.php?rest_route=\/wp\/v2\/posts"}],"about":[{"href":"https:\/\/encuentroinformativo.com.mx\/index.php?rest_route=\/wp\/v2\/types\/post"}],"author":[{"embeddable":true,"href":"https:\/\/encuentroinformativo.com.mx\/index.php?rest_route=\/wp\/v2\/users\/2476"}],"replies":[{"embeddable":true,"href":"https:\/\/encuentroinformativo.com.mx\/index.php?rest_route=%2Fwp%2Fv2%2Fcomments&post=61886"}],"version-history":[{"count":2,"href":"https:\/\/encuentroinformativo.com.mx\/index.php?rest_route=\/wp\/v2\/posts\/61886\/revisions"}],"predecessor-version":[{"id":61889,"href":"https:\/\/encuentroinformativo.com.mx\/index.php?rest_route=\/wp\/v2\/posts\/61886\/revisions\/61889"}],"wp:featuredmedia":[{"embeddable":true,"href":"https:\/\/encuentroinformativo.com.mx\/index.php?rest_route=\/wp\/v2\/media\/61887"}],"wp:attachment":[{"href":"https:\/\/encuentroinformativo.com.mx\/index.php?rest_route=%2Fwp%2Fv2%2Fmedia&parent=61886"}],"wp:term":[{"taxonomy":"category","embeddable":true,"href":"https:\/\/encuentroinformativo.com.mx\/index.php?rest_route=%2Fwp%2Fv2%2Fcategories&post=61886"},{"taxonomy":"post_tag","embeddable":true,"href":"https:\/\/encuentroinformativo.com.mx\/index.php?rest_route=%2Fwp%2Fv2%2Ftags&post=61886"}],"curies":[{"name":"wp","href":"https:\/\/api.w.org\/{rel}","templated":true}]}}