{"id":61890,"date":"2024-12-11T19:54:59","date_gmt":"2024-12-12T01:54:59","guid":{"rendered":"https:\/\/encuentroinformativo.com.mx\/?p=61890"},"modified":"2024-12-11T19:54:59","modified_gmt":"2024-12-12T01:54:59","slug":"propone-diputada-crear-comision-especial-que-atienda-la-citricultura","status":"publish","type":"post","link":"https:\/\/encuentroinformativo.com.mx\/?p=61890","title":{"rendered":"Propone diputada crear Comisi\u00f3n Especial que atienda la citricultura"},"content":{"rendered":"<p style=\"font-weight: 400;\"><strong>*Deben sumarse esfuerzos para fortalecer la cadena de producci\u00f3n de este sector e impulsar la citricultura veracruzana: Imelda Garrido Alvarado.<\/strong><\/p>\n<p style=\"font-weight: 400;\"><span style=\"font-size: 1rem;\">Xalapa, Ver.- A trav\u00e9s de un Anteproyecto con Punto de Acuerdo, la diputada Imelda Garrido Alvarado hizo un llamado para crear la Comisi\u00f3n Especial para la Atenci\u00f3n de la Citricultura en el estado, instancia que permitir\u00eda fortalecer y crear pol\u00edticas p\u00fablicas que den curso a los retos de cultivo, calidad e ingresos econ\u00f3micos de los trabajadores, jornaleros y productores primarios, con un enfoque de g\u00e9nero y respeto a las comunidades originarias.<\/span><\/p>\n<p style=\"font-weight: 400;\"><span style=\"font-size: 1rem;\">Al hacer uso de la tribuna, la representante del Distrito IV de \u00c1lamo Temapache indic\u00f3 que M\u00e9xico ocupa el quinto lugar mundial de producci\u00f3n citr\u00edcola; adem\u00e1s que para el a\u00f1o 2023, seg\u00fan datos del Servicio de Informaci\u00f3n Agroalimentaria y Pesquera del Gobierno Federal, Veracruz contaba con 171 mil 815.68 hect\u00e1reas de cultivo, \u201ces decir, el 48.5 por ciento de la superficie nacional, demandando anualmente en la entidad 7 millones 760 mil jornales, generando 83 mil 905 empleos indirectos y de 253 mil 655 indirectos\u201d, precis\u00f3.<\/span><\/p>\n<p style=\"font-weight: 400;\"><span style=\"font-size: 1rem;\">Record\u00f3 que en los \u00faltimos a\u00f1os la producci\u00f3n citr\u00edcola ha enfrentado retos como los efectos del cambio clim\u00e1tico, estiajes prolongados, desertificaci\u00f3n de terrenos, falta de definici\u00f3n de sistemas de riego o estudios hidrogeol\u00f3gicos, \u201cadem\u00e1s de enfermedades como el Drag\u00f3n Amarillo o Huanglongbing y el Virus de la Tristeza, los cuales han mermado la producci\u00f3n citr\u00edcola veracruzana\u201d, ejemplific\u00f3.<\/span><\/p>\n<p style=\"font-weight: 400;\"><span style=\"font-size: 1rem;\">Al respecto, la diputada reconoci\u00f3 que la Secretar\u00eda de Agricultura y Desarrollo Rural (Sader) ha puesto en marcha estrategias para dar atenci\u00f3n a la cadena de producci\u00f3n citr\u00edcola y recuperar la producci\u00f3n nacional, tal como son la operaci\u00f3n del Programa Nacional de Reconversi\u00f3n Productiva de la Cadena Citr\u00edcola, la tecnificaci\u00f3n del riego para optimizar el uso del agua ante el cambio clim\u00e1tico, la certificaci\u00f3n de viveros para asegurar la ausencia de enfermedades y pat\u00f3genos en el cultivo; el fortalecimiento de las cadenas de producci\u00f3n-consumo y el apoyo en infraestructura para postproducci\u00f3n.<\/span><\/p>\n<p style=\"font-weight: 400;\"><span style=\"font-size: 1rem;\">Dado lo anterior y por la importancia econ\u00f3mica y social de la citricultura, indic\u00f3 la diputada, debe implementarse una pol\u00edtica agr\u00edcola que atienda cotidianamente los retos del cultivo, de ah\u00ed la importancia de la creaci\u00f3n de una Comisi\u00f3n Especial.<\/span><\/p>\n<p style=\"font-weight: 400;\"><span style=\"font-size: 1rem;\">Ante la relevancia del estado actual de la citricultura en Veracruz, se sumaron a la propuesta las diputadas Mar\u00eda Elena C\u00f3rdova Molina y Ana Rosa Vald\u00e9s Salazar.<\/span><\/p>\n<p style=\"font-weight: 400;\">\n","protected":false},"excerpt":{"rendered":"<p>*Deben sumarse esfuerzos para fortalecer la cadena de producci\u00f3n de este sector e impulsar la citricultura veracruzana: Imelda Garrido Alvarado. Xalapa, Ver.- A trav\u00e9s de un Anteproyecto con Punto de Acuerdo, la diputada Imelda Garrido Alvarado hizo un llamado para crear la Comisi\u00f3n Especial para la Atenci\u00f3n de la Citricultura en el estado, instancia que [&hellip;]<\/p>\n","protected":false},"author":2476,"featured_media":61891,"comment_status":"open","ping_status":"open","sticky":false,"template":"","format":"standard","meta":{"_jetpack_memberships_contains_paid_content":false,"footnotes":""},"categories":[2],"tags":[],"class_list":["post-61890","post","type-post","status-publish","format-standard","has-post-thumbnail","hentry","category-estado"],"jetpack_featured_media_url":"https:\/\/encuentroinformativo.com.mx\/wp-content\/uploads\/2024\/12\/NOV11DIC2024IMELDA1.jpeg","jetpack_sharing_enabled":true,"jetpack_likes_enabled":true,"amp_enabled":true,"_links":{"self":[{"href":"https:\/\/encuentroinformativo.com.mx\/index.php?rest_route=\/wp\/v2\/posts\/61890","targetHints":{"allow":["GET"]}}],"collection":[{"href":"https:\/\/encuentroinformativo.com.mx\/index.php?rest_route=\/wp\/v2\/posts"}],"about":[{"href":"https:\/\/encuentroinformativo.com.mx\/index.php?rest_route=\/wp\/v2\/types\/post"}],"author":[{"embeddable":true,"href":"https:\/\/encuentroinformativo.com.mx\/index.php?rest_route=\/wp\/v2\/users\/2476"}],"replies":[{"embeddable":true,"href":"https:\/\/encuentroinformativo.com.mx\/index.php?rest_route=%2Fwp%2Fv2%2Fcomments&post=61890"}],"version-history":[{"count":2,"href":"https:\/\/encuentroinformativo.com.mx\/index.php?rest_route=\/wp\/v2\/posts\/61890\/revisions"}],"predecessor-version":[{"id":61893,"href":"https:\/\/encuentroinformativo.com.mx\/index.php?rest_route=\/wp\/v2\/posts\/61890\/revisions\/61893"}],"wp:featuredmedia":[{"embeddable":true,"href":"https:\/\/encuentroinformativo.com.mx\/index.php?rest_route=\/wp\/v2\/media\/61891"}],"wp:attachment":[{"href":"https:\/\/encuentroinformativo.com.mx\/index.php?rest_route=%2Fwp%2Fv2%2Fmedia&parent=61890"}],"wp:term":[{"taxonomy":"category","embeddable":true,"href":"https:\/\/encuentroinformativo.com.mx\/index.php?rest_route=%2Fwp%2Fv2%2Fcategories&post=61890"},{"taxonomy":"post_tag","embeddable":true,"href":"https:\/\/encuentroinformativo.com.mx\/index.php?rest_route=%2Fwp%2Fv2%2Ftags&post=61890"}],"curies":[{"name":"wp","href":"https:\/\/api.w.org\/{rel}","templated":true}]}}