{"id":61894,"date":"2024-12-11T20:01:08","date_gmt":"2024-12-12T02:01:08","guid":{"rendered":"https:\/\/encuentroinformativo.com.mx\/?p=61894"},"modified":"2024-12-11T20:01:08","modified_gmt":"2024-12-12T02:01:08","slug":"realiza-lxvii-legislatura-el-tradicional-brindis-navideno","status":"publish","type":"post","link":"https:\/\/encuentroinformativo.com.mx\/?p=61894","title":{"rendered":"Realiza LXVII Legislatura el tradicional brindis navide\u00f1o"},"content":{"rendered":"<p><strong>* Encabezan el encuentro la presidenta de la Mesa Directiva, diputada Tanya Carola Viveros Ch\u00e1zaro, y el presidente de la Junta de Coordinaci\u00f3n Pol\u00edtica, diputado Esteban Bautista Hern\u00e1ndez.<\/strong><\/p>\n<p style=\"font-weight: 400;\"><span style=\"font-size: 1rem;\">Xalapa, Ver.- Como cada a\u00f1o y con motivo de las fiestas decembrinas, las diputadas y los diputados de la LXVII Legislatura, encabezados por la presidenta de la Mesa Directiva, diputada Tanya Carola Viveros Ch\u00e1zaro, y por el presidente de la Junta de Coordinaci\u00f3n Pol\u00edtica (Jucopo), diputado Esteban Bautista Hern\u00e1ndez, realizaron el tradicional brindis con las y los trabajadores del Congreso del Estado.<\/span><\/p>\n<p style=\"font-weight: 400;\"><span style=\"font-size: 1rem;\">En primer t\u00e9rmino, hizo uso de la palabra la diputada Tanya Carola Viveros, quien tras expresar sus buenos deseos para las y los trabajadores y sus familias, indic\u00f3 que las legisladoras y legisladores, as\u00ed como la plantilla laboral, trabajan para el bienestar del pueblo veracruzano y que \u201ces aqu\u00ed donde se construye la legalidad para el estado y nos corresponde cumplir con honradez, compromiso y entrega\u201d.<\/span><\/p>\n<p style=\"font-weight: 400;\"><span style=\"font-size: 1rem;\">En su mensaje, el legislador Esteban Bautista Hern\u00e1ndez agradeci\u00f3 a la estructura administrativa por la realizaci\u00f3n del brindis y posteriormente subray\u00f3 que diciembre es un mes muy importante para las familias mexicanas, ya que es el momento propicio para la reuni\u00f3n y la convivencia. \u201cAlgunos que est\u00e1n fuera regresan a sus tierras de origen para estar con los suyos\u201d, coment\u00f3 el diputado.<\/span><\/p>\n<p style=\"font-weight: 400;\"><span style=\"font-size: 1rem;\">Agreg\u00f3 que la vida debe vivirse bien y que, por lo general, en cada familia siempre hay problemas, pero cualquier asunto, por dif\u00edcil que sea, siempre puede resolverse y es de suma importancia siempre anteponer el di\u00e1logo y la escucha. \u201cLa familia siempre es primero\u201d, agreg\u00f3.<\/span><\/p>\n<p style=\"font-weight: 400;\"><span style=\"font-size: 1rem;\">En este acto estuvieron presentes diputadas y diputados de las diversas fuerzas pol\u00edticas del estado representadas en la LXVII Legislatura, as\u00ed como el secretario general, Domingo Bahena Corbal\u00e1; el secretario del Sindicato \u00danico de Trabajadores al Servicio del Poder Legislativo (SUTSPL), Jos\u00e9 de Jes\u00fas Rodr\u00edguez Hern\u00e1ndez, as\u00ed como personal de la estructura administrativa, de confianza, sindicalizado y medios de comunicaci\u00f3n.<\/span><\/p>\n<p><img loading=\"lazy\" decoding=\"async\" class=\"alignnone size-medium wp-image-61896\" src=\"https:\/\/encuentroinformativo.com.mx\/wp-content\/uploads\/2024\/12\/NOV11DIC2024BRINDIS3-300x200.jpeg\" alt=\"\" width=\"300\" height=\"200\" srcset=\"https:\/\/encuentroinformativo.com.mx\/wp-content\/uploads\/2024\/12\/NOV11DIC2024BRINDIS3-300x200.jpeg 300w, https:\/\/encuentroinformativo.com.mx\/wp-content\/uploads\/2024\/12\/NOV11DIC2024BRINDIS3-1024x684.jpeg 1024w, https:\/\/encuentroinformativo.com.mx\/wp-content\/uploads\/2024\/12\/NOV11DIC2024BRINDIS3-768x513.jpeg 768w, https:\/\/encuentroinformativo.com.mx\/wp-content\/uploads\/2024\/12\/NOV11DIC2024BRINDIS3-1536x1025.jpeg 1536w, https:\/\/encuentroinformativo.com.mx\/wp-content\/uploads\/2024\/12\/NOV11DIC2024BRINDIS3.jpeg 1600w\" sizes=\"auto, (max-width: 300px) 100vw, 300px\" \/><\/p>\n","protected":false},"excerpt":{"rendered":"<p>* Encabezan el encuentro la presidenta de la Mesa Directiva, diputada Tanya Carola Viveros Ch\u00e1zaro, y el presidente de la Junta de Coordinaci\u00f3n Pol\u00edtica, diputado Esteban Bautista Hern\u00e1ndez. Xalapa, Ver.- Como cada a\u00f1o y con motivo de las fiestas decembrinas, las diputadas y los diputados de la LXVII Legislatura, encabezados por la presidenta de la [&hellip;]<\/p>\n","protected":false},"author":2476,"featured_media":61895,"comment_status":"open","ping_status":"open","sticky":false,"template":"","format":"standard","meta":{"_jetpack_memberships_contains_paid_content":false,"footnotes":""},"categories":[2],"tags":[],"class_list":["post-61894","post","type-post","status-publish","format-standard","has-post-thumbnail","hentry","category-estado"],"jetpack_featured_media_url":"https:\/\/encuentroinformativo.com.mx\/wp-content\/uploads\/2024\/12\/NOV11DIC2024BRINDIS5.jpeg","jetpack_sharing_enabled":true,"jetpack_likes_enabled":true,"amp_enabled":true,"_links":{"self":[{"href":"https:\/\/encuentroinformativo.com.mx\/index.php?rest_route=\/wp\/v2\/posts\/61894","targetHints":{"allow":["GET"]}}],"collection":[{"href":"https:\/\/encuentroinformativo.com.mx\/index.php?rest_route=\/wp\/v2\/posts"}],"about":[{"href":"https:\/\/encuentroinformativo.com.mx\/index.php?rest_route=\/wp\/v2\/types\/post"}],"author":[{"embeddable":true,"href":"https:\/\/encuentroinformativo.com.mx\/index.php?rest_route=\/wp\/v2\/users\/2476"}],"replies":[{"embeddable":true,"href":"https:\/\/encuentroinformativo.com.mx\/index.php?rest_route=%2Fwp%2Fv2%2Fcomments&post=61894"}],"version-history":[{"count":1,"href":"https:\/\/encuentroinformativo.com.mx\/index.php?rest_route=\/wp\/v2\/posts\/61894\/revisions"}],"predecessor-version":[{"id":61897,"href":"https:\/\/encuentroinformativo.com.mx\/index.php?rest_route=\/wp\/v2\/posts\/61894\/revisions\/61897"}],"wp:featuredmedia":[{"embeddable":true,"href":"https:\/\/encuentroinformativo.com.mx\/index.php?rest_route=\/wp\/v2\/media\/61895"}],"wp:attachment":[{"href":"https:\/\/encuentroinformativo.com.mx\/index.php?rest_route=%2Fwp%2Fv2%2Fmedia&parent=61894"}],"wp:term":[{"taxonomy":"category","embeddable":true,"href":"https:\/\/encuentroinformativo.com.mx\/index.php?rest_route=%2Fwp%2Fv2%2Fcategories&post=61894"},{"taxonomy":"post_tag","embeddable":true,"href":"https:\/\/encuentroinformativo.com.mx\/index.php?rest_route=%2Fwp%2Fv2%2Ftags&post=61894"}],"curies":[{"name":"wp","href":"https:\/\/api.w.org\/{rel}","templated":true}]}}