{"id":61908,"date":"2024-12-11T20:27:01","date_gmt":"2024-12-12T02:27:01","guid":{"rendered":"https:\/\/encuentroinformativo.com.mx\/?p=61908"},"modified":"2024-12-11T20:27:01","modified_gmt":"2024-12-12T02:27:01","slug":"ambiente-de-fiesta-en-el-dique-por-festejos-guadalupanos","status":"publish","type":"post","link":"https:\/\/encuentroinformativo.com.mx\/?p=61908","title":{"rendered":"Ambiente de fiesta en El Dique por festejos guadalupanos"},"content":{"rendered":"<p><strong>Dar\u00edo Pale<\/strong><\/p>\n<p>Xalapa, Ver.- El vocero de la Arquidi\u00f3cesis de Xalapa Juan Beristain de los Santos dio a conocer que a partir de las 21:00 horas, feligreses podr\u00e1n ingresar a la Bas\u00edlica Menor de Guadalupe, en El Dique, para la misa que oficiar\u00e1 esta noche el arzobispo de Xalapa, Jorge Carlos Patr\u00f3n Wong en el marco de la celebraci\u00f3n a la Virgen de Guadalupe y las tradicionales ma\u00f1anitas.<\/p>\n<p>En entrevista dio a conocer que ni el fr\u00edo detiene a los creyentes que han arribado de distintos municipios aleda\u00f1os as\u00ed como de otros estados cercanos.<\/p>\n<p>\u201cHay un ambiente de fiesta, desde hace d\u00edas han llegado los feligreses (\u2026) todo est\u00e1 organizado, las autoridades de Gobierno del Estado han apoyado en la log\u00edstica y estamos recibiendo a los peregrinos\u201d, se\u00f1al\u00f3.<\/p>\n<p>Dijo que este a\u00f1o la s\u00faplica a la patrona de M\u00e9xico se centrar\u00e1 por la paz social, la generaci\u00f3n de empleos y la salud para los enfermos.<\/p>\n<p>\u201cLa afluencia ha sido muy fuerte y hoy en la noche habr\u00e1 m\u00e1s, as\u00ed como este jueves 12 de diciembre, de verdad que ni el fr\u00edo los detiene\u201d, coment\u00f3.<\/p>\n<p>A quienes no pueden acudir a las parroquias este 12 de diciembre les inst\u00f3 a sumarse en la oraci\u00f3n mundial que se realizar\u00e1 con motivo de la fecha.<\/p>\n<p>\u201cQue se sumen desde casa, algunos son adultos, algunos tienen problemas de movilidad, de enfermedad, entonces pues es mejor que desde casa se sumen, que est\u00e9n pendientes del Santo Rosario y de las ma\u00f1anitas (\u2026); hay que encomendarnos a nuestra Virgen de Guadalupe\u201d, dijo.<\/p>\n<p>Beristain de los Santos, destac\u00f3 que est\u00e1 activo un importante operativo vial y de seguridad en la zona para salvaguardar a quienes asistan a la Bas\u00edlica.<\/p>\n<p>Finalmente recomend\u00f3 acudir muy bien abrigados ante los efectos del Frente Fr\u00edo que transita y acatar las indicaciones del personal de la Secretar\u00eda de Protecci\u00f3n Civil del Estado y la Direcci\u00f3n Municipal adem\u00e1s de corporaciones de auxilio que trabajan en la zona.<\/p>\n","protected":false},"excerpt":{"rendered":"<p>Dar\u00edo Pale Xalapa, Ver.- El vocero de la Arquidi\u00f3cesis de Xalapa Juan Beristain de los Santos dio a conocer que a partir de las 21:00 horas, feligreses podr\u00e1n ingresar a la Bas\u00edlica Menor de Guadalupe, en El Dique, para la misa que oficiar\u00e1 esta noche el arzobispo de Xalapa, Jorge Carlos Patr\u00f3n Wong en el [&hellip;]<\/p>\n","protected":false},"author":2476,"featured_media":61906,"comment_status":"open","ping_status":"open","sticky":false,"template":"","format":"standard","meta":{"_jetpack_memberships_contains_paid_content":false,"footnotes":""},"categories":[3],"tags":[],"class_list":["post-61908","post","type-post","status-publish","format-standard","has-post-thumbnail","hentry","category-xalapa"],"jetpack_featured_media_url":"https:\/\/encuentroinformativo.com.mx\/wp-content\/uploads\/2024\/12\/IMG-20241211-WA00622-scaled.jpg","jetpack_sharing_enabled":true,"jetpack_likes_enabled":true,"amp_enabled":true,"_links":{"self":[{"href":"https:\/\/encuentroinformativo.com.mx\/index.php?rest_route=\/wp\/v2\/posts\/61908","targetHints":{"allow":["GET"]}}],"collection":[{"href":"https:\/\/encuentroinformativo.com.mx\/index.php?rest_route=\/wp\/v2\/posts"}],"about":[{"href":"https:\/\/encuentroinformativo.com.mx\/index.php?rest_route=\/wp\/v2\/types\/post"}],"author":[{"embeddable":true,"href":"https:\/\/encuentroinformativo.com.mx\/index.php?rest_route=\/wp\/v2\/users\/2476"}],"replies":[{"embeddable":true,"href":"https:\/\/encuentroinformativo.com.mx\/index.php?rest_route=%2Fwp%2Fv2%2Fcomments&post=61908"}],"version-history":[{"count":1,"href":"https:\/\/encuentroinformativo.com.mx\/index.php?rest_route=\/wp\/v2\/posts\/61908\/revisions"}],"predecessor-version":[{"id":61909,"href":"https:\/\/encuentroinformativo.com.mx\/index.php?rest_route=\/wp\/v2\/posts\/61908\/revisions\/61909"}],"wp:featuredmedia":[{"embeddable":true,"href":"https:\/\/encuentroinformativo.com.mx\/index.php?rest_route=\/wp\/v2\/media\/61906"}],"wp:attachment":[{"href":"https:\/\/encuentroinformativo.com.mx\/index.php?rest_route=%2Fwp%2Fv2%2Fmedia&parent=61908"}],"wp:term":[{"taxonomy":"category","embeddable":true,"href":"https:\/\/encuentroinformativo.com.mx\/index.php?rest_route=%2Fwp%2Fv2%2Fcategories&post=61908"},{"taxonomy":"post_tag","embeddable":true,"href":"https:\/\/encuentroinformativo.com.mx\/index.php?rest_route=%2Fwp%2Fv2%2Ftags&post=61908"}],"curies":[{"name":"wp","href":"https:\/\/api.w.org\/{rel}","templated":true}]}}