{"id":61911,"date":"2024-12-11T23:31:58","date_gmt":"2024-12-12T05:31:58","guid":{"rendered":"https:\/\/encuentroinformativo.com.mx\/?p=61911"},"modified":"2024-12-11T23:31:58","modified_gmt":"2024-12-12T05:31:58","slug":"fuerzas-de-tarea-de-boca-del-rio-atienden-mas-de-64-reportes-derivados-del-frente-frio-14","status":"publish","type":"post","link":"https:\/\/encuentroinformativo.com.mx\/?p=61911","title":{"rendered":"Fuerzas de Tarea de Boca del R\u00edo atienden m\u00e1s de 64 reportes derivados del Frente Fr\u00edo 14"},"content":{"rendered":"<p><strong><span style=\"font-size: 1rem;\">* Se espera que las fuertes rachas de viento pierdan fuerza durante las primeras horas de este jueves, manteni\u00e9ndose el descenso de la temperatura.<\/span><\/strong><\/p>\n<p>Boca del R\u00edo, Ver.- Por el paso del Frente Fr\u00edo 14, las \u00e1reas operativas del Ayuntamiento de Boca del R\u00edo han permanecido en alerta atendiendo llamados ciudadanos, as\u00ed como realizando labores de limpieza en diversos puntos de la ciudad.<\/p>\n<p>\u201cSeguimos atendiendo todos sus reportes por el paso del Frente Fr\u00edo 14 y les recordamos seguir tomando las medidas necesarias para evitar cualquier tipo de riesgo\u201d, indic\u00f3 el alcalde Juan Manuel Un\u00e1nue Abascal.<\/p>\n<p>Durante la ma\u00f1ana de este mi\u00e9rcoles se registraron vientos sostenidos entre 70 y 80 km\/h y rachas m\u00e1ximas de 110.8 km\/h de acuerdo a la Secretar\u00eda de Protecci\u00f3n Civil Estatal.<\/p>\n<p>Jorge Roberto Rojas Hern\u00e1ndez, Director de Protecci\u00f3n Civil Municipal, inform\u00f3 que se atendieron 64 reportes en 28 colonias, los cuales son:<br \/>\n14 ca\u00eddas de poste<br \/>\n1 corto circuito<br \/>\n2 ca\u00eddas de tinaco<br \/>\n25 ca\u00eddas de \u00e1rbol<br \/>\n11 desprendimientos de l\u00e1mina<br \/>\n8 afectaciones en anuncio<br \/>\n3 afectaciones de fachada<br \/>\n3 veh\u00edculos afectados<\/p>\n<p>Cabe destacar que se mantiene el cierre vehicular sobre el bulevar Manuel \u00c1vila Camacho entre Juan Pablo II y Reyes Heroles en carriles Sur a Norte y Norte a Sur.<\/p>\n<p>Por otra parte, las playas de Boca del R\u00edo permanecer\u00e1n con bandera roja por lo que se mantienen cerradas con la presencia de personal Guardavida quienes mantienen la vigilancia de las mismas.<\/p>\n<p>La Fuerza de Tarea que contin\u00faa participando en la atenci\u00f3n a ciudadanos y afectaciones esta conformada por: Mantenimiento Urbano, Obras Publicas, Polic\u00eda Municipal, Tr\u00e1nsito Municipal, Polic\u00eda Naval, CFE, Telmex, Gobernaci\u00f3n, Limpia P\u00fablica, Alumbrado P\u00fablico y Protecci\u00f3n Civil Municipal.<\/p>\n<p>Se espera que las rachas de viento del cuadrante norte pierdan fuerza durante las primeras horas de este jueves, manteni\u00e9ndose el descenso de la temperatura.<\/p>\n<p>Para finalizar, el Presidente Municipal Juan Manuel Un\u00e1nue Abascal, reiter\u00f3 que su gobierno seguir\u00e1 atendiendo todos los reportes por el paso del Frente Fr\u00edo 14, pidiendo a los ciudadanos seguir tomando las medidas necesarias para evitar cualquier tipo de riesgo.<\/p>\n<p><img loading=\"lazy\" decoding=\"async\" class=\"alignnone size-medium wp-image-61913\" src=\"https:\/\/encuentroinformativo.com.mx\/wp-content\/uploads\/2024\/12\/IMG-20241211-WA0099-300x239.jpg\" alt=\"\" width=\"300\" height=\"239\" srcset=\"https:\/\/encuentroinformativo.com.mx\/wp-content\/uploads\/2024\/12\/IMG-20241211-WA0099-300x239.jpg 300w, https:\/\/encuentroinformativo.com.mx\/wp-content\/uploads\/2024\/12\/IMG-20241211-WA0099-1024x815.jpg 1024w, https:\/\/encuentroinformativo.com.mx\/wp-content\/uploads\/2024\/12\/IMG-20241211-WA0099-768x611.jpg 768w, https:\/\/encuentroinformativo.com.mx\/wp-content\/uploads\/2024\/12\/IMG-20241211-WA0099.jpg 1280w\" sizes=\"auto, (max-width: 300px) 100vw, 300px\" \/><\/p>\n","protected":false},"excerpt":{"rendered":"<p>* Se espera que las fuertes rachas de viento pierdan fuerza durante las primeras horas de este jueves, manteni\u00e9ndose el descenso de la temperatura. Boca del R\u00edo, Ver.- Por el paso del Frente Fr\u00edo 14, las \u00e1reas operativas del Ayuntamiento de Boca del R\u00edo han permanecido en alerta atendiendo llamados ciudadanos, as\u00ed como realizando labores [&hellip;]<\/p>\n","protected":false},"author":2476,"featured_media":61912,"comment_status":"open","ping_status":"open","sticky":false,"template":"","format":"standard","meta":{"_jetpack_memberships_contains_paid_content":false,"footnotes":""},"categories":[2],"tags":[],"class_list":["post-61911","post","type-post","status-publish","format-standard","has-post-thumbnail","hentry","category-estado"],"jetpack_featured_media_url":"https:\/\/encuentroinformativo.com.mx\/wp-content\/uploads\/2024\/12\/IMG-20241211-WA0095.jpg","jetpack_sharing_enabled":true,"jetpack_likes_enabled":true,"amp_enabled":true,"_links":{"self":[{"href":"https:\/\/encuentroinformativo.com.mx\/index.php?rest_route=\/wp\/v2\/posts\/61911","targetHints":{"allow":["GET"]}}],"collection":[{"href":"https:\/\/encuentroinformativo.com.mx\/index.php?rest_route=\/wp\/v2\/posts"}],"about":[{"href":"https:\/\/encuentroinformativo.com.mx\/index.php?rest_route=\/wp\/v2\/types\/post"}],"author":[{"embeddable":true,"href":"https:\/\/encuentroinformativo.com.mx\/index.php?rest_route=\/wp\/v2\/users\/2476"}],"replies":[{"embeddable":true,"href":"https:\/\/encuentroinformativo.com.mx\/index.php?rest_route=%2Fwp%2Fv2%2Fcomments&post=61911"}],"version-history":[{"count":1,"href":"https:\/\/encuentroinformativo.com.mx\/index.php?rest_route=\/wp\/v2\/posts\/61911\/revisions"}],"predecessor-version":[{"id":61914,"href":"https:\/\/encuentroinformativo.com.mx\/index.php?rest_route=\/wp\/v2\/posts\/61911\/revisions\/61914"}],"wp:featuredmedia":[{"embeddable":true,"href":"https:\/\/encuentroinformativo.com.mx\/index.php?rest_route=\/wp\/v2\/media\/61912"}],"wp:attachment":[{"href":"https:\/\/encuentroinformativo.com.mx\/index.php?rest_route=%2Fwp%2Fv2%2Fmedia&parent=61911"}],"wp:term":[{"taxonomy":"category","embeddable":true,"href":"https:\/\/encuentroinformativo.com.mx\/index.php?rest_route=%2Fwp%2Fv2%2Fcategories&post=61911"},{"taxonomy":"post_tag","embeddable":true,"href":"https:\/\/encuentroinformativo.com.mx\/index.php?rest_route=%2Fwp%2Fv2%2Ftags&post=61911"}],"curies":[{"name":"wp","href":"https:\/\/api.w.org\/{rel}","templated":true}]}}