{"id":61915,"date":"2024-12-12T09:44:12","date_gmt":"2024-12-12T15:44:12","guid":{"rendered":"https:\/\/encuentroinformativo.com.mx\/?p=61915"},"modified":"2024-12-12T09:44:12","modified_gmt":"2024-12-12T15:44:12","slug":"tenemos-oportunidad-de-que-mc-gobierne-boca-del-rio-pablo-caballero","status":"publish","type":"post","link":"https:\/\/encuentroinformativo.com.mx\/?p=61915","title":{"rendered":"Tenemos oportunidad de que MC gobierne Boca del R\u00edo: Pablo Caballero"},"content":{"rendered":"<p><strong><span style=\"font-size: 1rem;\">Alejandro \u00c1vila<\/span><\/strong><\/p>\n<p>Boca del R\u00edo, Ver.- Con el panismo veracruzano en decadencia, se abre una gran oportunidad para que Movimiento Ciudadano pueda gobernar el municipio de Boca del R\u00edo, mencion\u00f3 el empresario, Pablo Caballero P\u00e9rez, quien se dijo listo para abanderar al partido naranja.<\/p>\n<p>&#8220;Se abre una gran oportunidad, somos la corriente que vamos en crecimiento tanto en el Estado como en este municipio, yo creo que hay una gran oportunidad para un Movimiento Ciudadano como para un servidor en la siguiente selecciones del 2025&#8221;, subray\u00f3.<\/p>\n<p>El presidente de la Fundaci\u00f3n CBRO mencion\u00f3 que a trav\u00e9s de redes sociales habitantes de la zona rural del municipio de Boca del R\u00edo han solicitado lleve sus programas de apoyo, cursos y capacitaciones a localidades como San Jose Novillero y Paso Colorado.<\/p>\n<p>&#8220;La gente de Boca del R\u00edo vio las actividades que ven\u00edamos desarrollando nosotros como Fundaci\u00f3n y efectivamente nos pidieron que regresemos a Boca del R\u00edo para seguir apoyando, eso nos ha dado la oportunidad de ser un buen candidato para la alcald\u00eda en el 2025 por Boca del R\u00edo por Movimiento Ciudadano&#8221;, remat\u00f3<\/p>\n","protected":false},"excerpt":{"rendered":"<p>Alejandro \u00c1vila Boca del R\u00edo, Ver.- Con el panismo veracruzano en decadencia, se abre una gran oportunidad para que Movimiento Ciudadano pueda gobernar el municipio de Boca del R\u00edo, mencion\u00f3 el empresario, Pablo Caballero P\u00e9rez, quien se dijo listo para abanderar al partido naranja. &#8220;Se abre una gran oportunidad, somos la corriente que vamos en [&hellip;]<\/p>\n","protected":false},"author":2476,"featured_media":61916,"comment_status":"open","ping_status":"open","sticky":false,"template":"","format":"standard","meta":{"_jetpack_memberships_contains_paid_content":false,"footnotes":""},"categories":[2],"tags":[],"class_list":["post-61915","post","type-post","status-publish","format-standard","has-post-thumbnail","hentry","category-estado"],"jetpack_featured_media_url":"https:\/\/encuentroinformativo.com.mx\/wp-content\/uploads\/2024\/12\/IMG-20241212-WA0001.jpg","jetpack_sharing_enabled":true,"jetpack_likes_enabled":true,"amp_enabled":true,"_links":{"self":[{"href":"https:\/\/encuentroinformativo.com.mx\/index.php?rest_route=\/wp\/v2\/posts\/61915","targetHints":{"allow":["GET"]}}],"collection":[{"href":"https:\/\/encuentroinformativo.com.mx\/index.php?rest_route=\/wp\/v2\/posts"}],"about":[{"href":"https:\/\/encuentroinformativo.com.mx\/index.php?rest_route=\/wp\/v2\/types\/post"}],"author":[{"embeddable":true,"href":"https:\/\/encuentroinformativo.com.mx\/index.php?rest_route=\/wp\/v2\/users\/2476"}],"replies":[{"embeddable":true,"href":"https:\/\/encuentroinformativo.com.mx\/index.php?rest_route=%2Fwp%2Fv2%2Fcomments&post=61915"}],"version-history":[{"count":1,"href":"https:\/\/encuentroinformativo.com.mx\/index.php?rest_route=\/wp\/v2\/posts\/61915\/revisions"}],"predecessor-version":[{"id":61917,"href":"https:\/\/encuentroinformativo.com.mx\/index.php?rest_route=\/wp\/v2\/posts\/61915\/revisions\/61917"}],"wp:featuredmedia":[{"embeddable":true,"href":"https:\/\/encuentroinformativo.com.mx\/index.php?rest_route=\/wp\/v2\/media\/61916"}],"wp:attachment":[{"href":"https:\/\/encuentroinformativo.com.mx\/index.php?rest_route=%2Fwp%2Fv2%2Fmedia&parent=61915"}],"wp:term":[{"taxonomy":"category","embeddable":true,"href":"https:\/\/encuentroinformativo.com.mx\/index.php?rest_route=%2Fwp%2Fv2%2Fcategories&post=61915"},{"taxonomy":"post_tag","embeddable":true,"href":"https:\/\/encuentroinformativo.com.mx\/index.php?rest_route=%2Fwp%2Fv2%2Ftags&post=61915"}],"curies":[{"name":"wp","href":"https:\/\/api.w.org\/{rel}","templated":true}]}}