{"id":61925,"date":"2024-12-12T12:49:23","date_gmt":"2024-12-12T18:49:23","guid":{"rendered":"https:\/\/encuentroinformativo.com.mx\/?p=61925"},"modified":"2024-12-12T12:49:23","modified_gmt":"2024-12-12T18:49:23","slug":"grupo-pesado-se-presentara-por-primera-vez-en-veracruz","status":"publish","type":"post","link":"https:\/\/encuentroinformativo.com.mx\/?p=61925","title":{"rendered":"Grupo Pesado se presentar\u00e1 por primera vez en Veracruz"},"content":{"rendered":"<p style=\"padding-left: 40px;\"><strong><span style=\"font-size: 1rem;\">Alejandro \u00c1vila<\/span><\/strong><\/p>\n<p>Veracruz, Ver.- Uno de los tours m\u00e1s importantes del regional mexicano es el de Grupo Pesado y no te lo puedes perder ya que por primera vez pisar\u00e1 tierras veracruzanas el s\u00e1bado 1 de febrero a partir de las 21:00 horas en la Arena Veracruz.<\/p>\n<p>As\u00ed lo confirmaron en conferencia de prensa realizada en el Hotel Veracruz, Bernardo Barrios, director general de Grupo B-ONE Espect\u00e1culos y los productores regiomontanos: Germ\u00e1n Gaona y Jorge Mart\u00ednez, expresando adem\u00e1s el benepl\u00e1cito de que esta importante agrupaci\u00f3n pise tierras veracruzanas.<\/p>\n<p>Detallaron que el tour \u201cFrente a Frente\u201d de Grupo Pesado es uno de los m\u00e1s importantes del regional mexicano con el que contin\u00faan celebrando 31 a\u00f1os de trayectoria, por ello reiteraron la invitaci\u00f3n a que asistan y disfruten los \u00e9xitos del \u201cGrupo que vale lo que pesa\u201d.<\/p>\n<p>El impacto de Grupo Pesado trasciende las fronteras de la m\u00fasica, como lo demuestra su popularidad en las plataformas digitales. El a\u00f1o pasado, su \u00e9xito &#8220;A Chillar a Otra Parte&#8221; se volvi\u00f3 viral en TikTok, convirti\u00e9ndose en uno de los temas m\u00e1s destacados del verano en M\u00e9xico, con m\u00e1s de medio mill\u00f3n de creaciones en la plataforma.<\/p>\n","protected":false},"excerpt":{"rendered":"<p>Alejandro \u00c1vila Veracruz, Ver.- Uno de los tours m\u00e1s importantes del regional mexicano es el de Grupo Pesado y no te lo puedes perder ya que por primera vez pisar\u00e1 tierras veracruzanas el s\u00e1bado 1 de febrero a partir de las 21:00 horas en la Arena Veracruz. As\u00ed lo confirmaron en conferencia de prensa realizada [&hellip;]<\/p>\n","protected":false},"author":2476,"featured_media":61926,"comment_status":"open","ping_status":"open","sticky":false,"template":"","format":"standard","meta":{"_jetpack_memberships_contains_paid_content":false,"footnotes":""},"categories":[2],"tags":[],"class_list":["post-61925","post","type-post","status-publish","format-standard","has-post-thumbnail","hentry","category-estado"],"jetpack_featured_media_url":"https:\/\/encuentroinformativo.com.mx\/wp-content\/uploads\/2024\/12\/IMG-20241212-WA0031.jpg","jetpack_sharing_enabled":true,"jetpack_likes_enabled":true,"amp_enabled":true,"_links":{"self":[{"href":"https:\/\/encuentroinformativo.com.mx\/index.php?rest_route=\/wp\/v2\/posts\/61925","targetHints":{"allow":["GET"]}}],"collection":[{"href":"https:\/\/encuentroinformativo.com.mx\/index.php?rest_route=\/wp\/v2\/posts"}],"about":[{"href":"https:\/\/encuentroinformativo.com.mx\/index.php?rest_route=\/wp\/v2\/types\/post"}],"author":[{"embeddable":true,"href":"https:\/\/encuentroinformativo.com.mx\/index.php?rest_route=\/wp\/v2\/users\/2476"}],"replies":[{"embeddable":true,"href":"https:\/\/encuentroinformativo.com.mx\/index.php?rest_route=%2Fwp%2Fv2%2Fcomments&post=61925"}],"version-history":[{"count":1,"href":"https:\/\/encuentroinformativo.com.mx\/index.php?rest_route=\/wp\/v2\/posts\/61925\/revisions"}],"predecessor-version":[{"id":61927,"href":"https:\/\/encuentroinformativo.com.mx\/index.php?rest_route=\/wp\/v2\/posts\/61925\/revisions\/61927"}],"wp:featuredmedia":[{"embeddable":true,"href":"https:\/\/encuentroinformativo.com.mx\/index.php?rest_route=\/wp\/v2\/media\/61926"}],"wp:attachment":[{"href":"https:\/\/encuentroinformativo.com.mx\/index.php?rest_route=%2Fwp%2Fv2%2Fmedia&parent=61925"}],"wp:term":[{"taxonomy":"category","embeddable":true,"href":"https:\/\/encuentroinformativo.com.mx\/index.php?rest_route=%2Fwp%2Fv2%2Fcategories&post=61925"},{"taxonomy":"post_tag","embeddable":true,"href":"https:\/\/encuentroinformativo.com.mx\/index.php?rest_route=%2Fwp%2Fv2%2Ftags&post=61925"}],"curies":[{"name":"wp","href":"https:\/\/api.w.org\/{rel}","templated":true}]}}