{"id":61937,"date":"2024-12-12T17:05:21","date_gmt":"2024-12-12T23:05:21","guid":{"rendered":"https:\/\/encuentroinformativo.com.mx\/?p=61937"},"modified":"2024-12-12T17:05:21","modified_gmt":"2024-12-12T23:05:21","slug":"reforma-para-fiscalia-no-lleva-dedicatoria-diputada","status":"publish","type":"post","link":"https:\/\/encuentroinformativo.com.mx\/?p=61937","title":{"rendered":"Reforma para Fiscal\u00eda no lleva dedicatoria: Diputada"},"content":{"rendered":"<p><strong><span style=\"font-size: 1rem;\">Dar\u00edo Pale<\/span><\/strong><\/p>\n<p>Xalapa, Ver.- La propuesta de reforma impulsada por el diputado Diego Casta\u00f1eda Aburto no es un asunto personal ni existe ning\u00fan tipo de ri\u00f1a contra la fiscal general Ver\u00f3nica Hern\u00e1ndez Giad\u00e1ns, as\u00ed lo dio a conocer la presidenta de la Mesa Directiva en el Congreso local, Tanya Carola Viveros Ch\u00e1zaro.<\/p>\n<p>En entrevista se\u00f1al\u00f3 que, la reforma constitucional no lleva dedicatoria para la Fiscal, opin\u00f3 que el periodo por el que permanece el titular de la Fiscal\u00eda al frente es inadecuado.<\/p>\n<p>&#8220;Tiene que ver con regular que un fiscal permanezca 9 a\u00f1os, es un sexenio y medio, en nuestra opini\u00f3n no deber\u00eda ser as\u00ed&#8221;, coment\u00f3.<\/p>\n<p>En ese sentido, extern\u00f3 que la posibilidad de una reelecci\u00f3n de la Fiscal depender\u00e1 de los t\u00e9rminos de la reforma propuesta por Casta\u00f1eda Aburto.<\/p>\n<p>El legislador de Morena propuso una iniciativa para reformar diversos art\u00edculos de la Constituci\u00f3n Pol\u00edtica del Estado para reducir el periodo de 9 a 4 a\u00f1os del o la fiscal general del Estado, con la posibilidad de evaluar el desempe\u00f1o y, de acuerdo a \u00e9ste, permitir que repita en un segundo per\u00edodo.<\/p>\n<p>Asimismo, aumentar los requisitos que debe cumplir el cargo de fiscal general del Estado, con la finalidad de obtener un mayor control sobre los deberes y obligaciones que debe observar por considerarse de evidente importancia p\u00fablica y pol\u00edtica.<\/p>\n<p>En ese sentido, la presidenta de la Mesa Directiva defini\u00f3 que todav\u00eda tienen que trabajar mucho al respecto.<\/p>\n<p>Cuestionada respecto de la responsabilidad que tendr\u00e1 el Congreso del Estado al aprobar la reforma y votar por un nuevo titular, respondi\u00f3 que &#8220;s\u00ed y no&#8221;.<\/p>\n<p>&#8220;Va a depender de los t\u00e9rminos en los que aprobemos esta reforma, porque lo siguiente ser\u00eda una convocatoria&#8221;, manifest\u00f3.<\/p>\n<p>Por \u00faltimo indic\u00f3 adem\u00e1s que no hay un plazo para aprobar dicha reforma a la fracci\u00f3n 44 del art\u00edculo 33, la fracci\u00f3n 22 del art\u00edculo 29, los incisos B, C y D del art\u00edculo 67 y adicionar la fracci\u00f3n 24 al art\u00edculo 49, todos de la Constituci\u00f3n del Estado.<\/p>\n","protected":false},"excerpt":{"rendered":"<p>Dar\u00edo Pale Xalapa, Ver.- La propuesta de reforma impulsada por el diputado Diego Casta\u00f1eda Aburto no es un asunto personal ni existe ning\u00fan tipo de ri\u00f1a contra la fiscal general Ver\u00f3nica Hern\u00e1ndez Giad\u00e1ns, as\u00ed lo dio a conocer la presidenta de la Mesa Directiva en el Congreso local, Tanya Carola Viveros Ch\u00e1zaro. En entrevista se\u00f1al\u00f3 [&hellip;]<\/p>\n","protected":false},"author":2476,"featured_media":61938,"comment_status":"open","ping_status":"open","sticky":false,"template":"","format":"standard","meta":{"_jetpack_memberships_contains_paid_content":false,"footnotes":""},"categories":[2],"tags":[],"class_list":["post-61937","post","type-post","status-publish","format-standard","has-post-thumbnail","hentry","category-estado"],"jetpack_featured_media_url":"https:\/\/encuentroinformativo.com.mx\/wp-content\/uploads\/2024\/12\/IMG-20241212-WA0047.jpg","jetpack_sharing_enabled":true,"jetpack_likes_enabled":true,"amp_enabled":true,"_links":{"self":[{"href":"https:\/\/encuentroinformativo.com.mx\/index.php?rest_route=\/wp\/v2\/posts\/61937","targetHints":{"allow":["GET"]}}],"collection":[{"href":"https:\/\/encuentroinformativo.com.mx\/index.php?rest_route=\/wp\/v2\/posts"}],"about":[{"href":"https:\/\/encuentroinformativo.com.mx\/index.php?rest_route=\/wp\/v2\/types\/post"}],"author":[{"embeddable":true,"href":"https:\/\/encuentroinformativo.com.mx\/index.php?rest_route=\/wp\/v2\/users\/2476"}],"replies":[{"embeddable":true,"href":"https:\/\/encuentroinformativo.com.mx\/index.php?rest_route=%2Fwp%2Fv2%2Fcomments&post=61937"}],"version-history":[{"count":1,"href":"https:\/\/encuentroinformativo.com.mx\/index.php?rest_route=\/wp\/v2\/posts\/61937\/revisions"}],"predecessor-version":[{"id":61939,"href":"https:\/\/encuentroinformativo.com.mx\/index.php?rest_route=\/wp\/v2\/posts\/61937\/revisions\/61939"}],"wp:featuredmedia":[{"embeddable":true,"href":"https:\/\/encuentroinformativo.com.mx\/index.php?rest_route=\/wp\/v2\/media\/61938"}],"wp:attachment":[{"href":"https:\/\/encuentroinformativo.com.mx\/index.php?rest_route=%2Fwp%2Fv2%2Fmedia&parent=61937"}],"wp:term":[{"taxonomy":"category","embeddable":true,"href":"https:\/\/encuentroinformativo.com.mx\/index.php?rest_route=%2Fwp%2Fv2%2Fcategories&post=61937"},{"taxonomy":"post_tag","embeddable":true,"href":"https:\/\/encuentroinformativo.com.mx\/index.php?rest_route=%2Fwp%2Fv2%2Ftags&post=61937"}],"curies":[{"name":"wp","href":"https:\/\/api.w.org\/{rel}","templated":true}]}}