{"id":61943,"date":"2024-12-12T20:08:43","date_gmt":"2024-12-13T02:08:43","guid":{"rendered":"https:\/\/encuentroinformativo.com.mx\/?p=61943"},"modified":"2024-12-12T20:08:43","modified_gmt":"2024-12-13T02:08:43","slug":"se-incendio-tienda-de-ropa-en-calles-del-centro","status":"publish","type":"post","link":"https:\/\/encuentroinformativo.com.mx\/?p=61943","title":{"rendered":"Se incendi\u00f3 tienda de ropa en calles del centro"},"content":{"rendered":"<p><strong><span style=\"font-size: 1rem;\">Dar\u00edo Pale<\/span><\/strong><\/p>\n<p>Xalapa, Ver.- Se registr\u00f3 un incendio en una tienda de ropa &#8220;Price Market&#8221; ubicada sobre la calle Dr. Lucio esquina con la calle Benito Ju\u00e1rez de la zona centro de Xalapa.<\/p>\n<p>Aproximadamente a las 17:00 horas se registr\u00f3 un incendio lo cu\u00e1l provoc\u00f3 la movilizaci\u00f3n de los diferentes cuerpos de emergencia para apagar el incendio que se ocasion\u00f3 al interior de la tienda.<\/p>\n<p>Al lugar arribaron elementos de la SSP, quienes solicitaron el apoyo de los elementos de Protecci\u00f3n Civil Municipal y de Bomberos de Xalapa, as\u00ed como tambi\u00e9n arribaron elementos de la polic\u00eda municipal.<\/p>\n<p>Debido al incendio las calles de Lucio y Ju\u00e1rez fueron cerradas para que los cuerpos de emergencia pudieran trabajar sin ning\u00fan contratiempo, as\u00ed como para evitar alguna situaci\u00f3n de riesgo.<\/p>\n<p>Seg\u00fan se dice que el incendio fue causado por un corto circuito al interior de la tienda donde solo hubo p\u00e9rdidas materiales.<\/p>\n<p>Despu\u00e9s de las 18:30 horas aproximadamente fue abierta la circulaci\u00f3n en dichas calles donde se encuentra personal de tr\u00e1nsito para agilizar la circulaci\u00f3n.<\/p>\n","protected":false},"excerpt":{"rendered":"<p>Dar\u00edo Pale Xalapa, Ver.- Se registr\u00f3 un incendio en una tienda de ropa &#8220;Price Market&#8221; ubicada sobre la calle Dr. Lucio esquina con la calle Benito Ju\u00e1rez de la zona centro de Xalapa. Aproximadamente a las 17:00 horas se registr\u00f3 un incendio lo cu\u00e1l provoc\u00f3 la movilizaci\u00f3n de los diferentes cuerpos de emergencia para apagar [&hellip;]<\/p>\n","protected":false},"author":2476,"featured_media":61944,"comment_status":"open","ping_status":"open","sticky":false,"template":"","format":"standard","meta":{"_jetpack_memberships_contains_paid_content":false,"footnotes":""},"categories":[3],"tags":[],"class_list":["post-61943","post","type-post","status-publish","format-standard","has-post-thumbnail","hentry","category-xalapa"],"jetpack_featured_media_url":"https:\/\/encuentroinformativo.com.mx\/wp-content\/uploads\/2024\/12\/IMG-20241212-WA0083.jpg","jetpack_sharing_enabled":true,"jetpack_likes_enabled":true,"amp_enabled":true,"_links":{"self":[{"href":"https:\/\/encuentroinformativo.com.mx\/index.php?rest_route=\/wp\/v2\/posts\/61943","targetHints":{"allow":["GET"]}}],"collection":[{"href":"https:\/\/encuentroinformativo.com.mx\/index.php?rest_route=\/wp\/v2\/posts"}],"about":[{"href":"https:\/\/encuentroinformativo.com.mx\/index.php?rest_route=\/wp\/v2\/types\/post"}],"author":[{"embeddable":true,"href":"https:\/\/encuentroinformativo.com.mx\/index.php?rest_route=\/wp\/v2\/users\/2476"}],"replies":[{"embeddable":true,"href":"https:\/\/encuentroinformativo.com.mx\/index.php?rest_route=%2Fwp%2Fv2%2Fcomments&post=61943"}],"version-history":[{"count":1,"href":"https:\/\/encuentroinformativo.com.mx\/index.php?rest_route=\/wp\/v2\/posts\/61943\/revisions"}],"predecessor-version":[{"id":61945,"href":"https:\/\/encuentroinformativo.com.mx\/index.php?rest_route=\/wp\/v2\/posts\/61943\/revisions\/61945"}],"wp:featuredmedia":[{"embeddable":true,"href":"https:\/\/encuentroinformativo.com.mx\/index.php?rest_route=\/wp\/v2\/media\/61944"}],"wp:attachment":[{"href":"https:\/\/encuentroinformativo.com.mx\/index.php?rest_route=%2Fwp%2Fv2%2Fmedia&parent=61943"}],"wp:term":[{"taxonomy":"category","embeddable":true,"href":"https:\/\/encuentroinformativo.com.mx\/index.php?rest_route=%2Fwp%2Fv2%2Fcategories&post=61943"},{"taxonomy":"post_tag","embeddable":true,"href":"https:\/\/encuentroinformativo.com.mx\/index.php?rest_route=%2Fwp%2Fv2%2Ftags&post=61943"}],"curies":[{"name":"wp","href":"https:\/\/api.w.org\/{rel}","templated":true}]}}