{"id":61946,"date":"2024-12-13T09:29:31","date_gmt":"2024-12-13T15:29:31","guid":{"rendered":"https:\/\/encuentroinformativo.com.mx\/?p=61946"},"modified":"2024-12-13T09:29:31","modified_gmt":"2024-12-13T15:29:31","slug":"es-por-culpa-de-naomi","status":"publish","type":"post","link":"https:\/\/encuentroinformativo.com.mx\/?p=61946","title":{"rendered":"ES POR CULPA DE NAOMI"},"content":{"rendered":"<p dir=\"ltr\"><strong>Los Pol\u00edticos<\/strong><\/p>\n<p dir=\"ltr\"><strong>Salvador Mu\u00f1oz<\/strong><\/p>\n<p dir=\"ltr\">Durante la pl\u00e1tica, la cita tres veces\u2026 si bien es diputada por el distrito 28, no s\u00f3lo representa a los habitantes de Minatitl\u00e1n, Jes\u00fas Carranza, Uxpanapa e Hidalgotitl\u00e1n\u2026 muy en su coraz\u00f3n, en su pensamiento, muy dentro de s\u00ed, en sus hechos, en sus palabras, tambi\u00e9n representa a Edith Santos Rodr\u00edguez, su madre, quien le dio a la Legisladora Naomi G\u00f3mez Santos las oportunidades que ella no tuvo, la fuerza para salir adelante y ser desde el Congreso, esa posibilidad para abrir caminos a m\u00e1s mujeres, a m\u00e1s j\u00f3venes, a las que no demeriten por la edad, por g\u00e9nero, por clase social o hasta por apellidos\u2026<\/p>\n<p dir=\"ltr\">Es una pl\u00e1tica con Naomi Edith G\u00f3mez Santos, Vicecoordinadora de la Junta de Coordinaci\u00f3n Pol\u00edtica (Jucopo), quien nos platica un poco de ella, como el que tiene pareja pero sin ni\u00f1os, aunque s\u00ed tres lomitos, dos que se quedaron en Mina, y uno que se lo trajo a Xalapa: Vito, quien por cierto ya conoce el recinto legislativo pues estuvo presente cuando se vot\u00f3 la Minuta en materia de Protecci\u00f3n y Bienestar Animal.<\/p>\n<p dir=\"ltr\">Tiene 33 a\u00f1os pero tras sus gafas, su larga cabellera y menuda figura, oculta una gama de experiencia en el ramo del derecho, el edilicio, legislativo y hasta en la edici\u00f3n de videos y manejo de c\u00e1maras fotogr\u00e1ficas, y eso sin contar la facilidad con que puede subir a Tribuna y argumentar con algo muy dif\u00edcil de compaginar con la raz\u00f3n\u2026 la pasi\u00f3n.<\/p>\n<p dir=\"ltr\">Por esa pasi\u00f3n, cualquiera podr\u00eda decir que es una cin\u00e9fila rom\u00e1ntica, pero a la diputada sure\u00f1a le gustan las pel\u00edculas de acci\u00f3n, como las de Los Piratas del Caribe; o bien, algo m\u00e1s especial como El Padrino, y su mero mole: las pelis de terror, como las cl\u00e1sicas tipo El Resplandor.<\/p>\n<p dir=\"ltr\">Sorprendi\u00f3 a propios y extra\u00f1os la primera vez que subi\u00f3 a Tribuna por el discurso, por los argumentos, por el dominio del escenario\u2026 con muchas tablas. \u00bfY de d\u00f3nde salen esas tablas?<\/p>\n<p dir=\"ltr\">Naomi piensa que esas tablas son por esa militancia que inici\u00f3 a los 18 a\u00f1os desde el movimiento social del 132, de Ayotzinapa, como brigadista, como fot\u00f3grafa, de la escuela, \u201cde mi mam\u00e1\u201d (lo enfatiza)&#8230; aunque adem\u00e1s estuvo en la campa\u00f1a de la doctora Carmen Medel Palma y fue regidora quinta de su administraci\u00f3n en las comisiones de Participaci\u00f3n Ciudadana, Agua Potable, Drenaje y Alcantarillado y Limpia P\u00fablica; fue asesora de la diputada federal Rosalba Valencia Cruz; estuvo en una comisi\u00f3n en el Congreso Federal y fue enlace parlamentario; \u00a1claro! Igual conoci\u00f3 primero el Congreso local haciendo su servicio social cuando estaba por titularse de la Facultad de Derecho de la UV, \u201caprendiendo con los asesores por parte del equipo de Amado Cruz Malpica\u2026 creo que el territorio y el pueblo te forjan mucho\u201d.<\/p>\n<p dir=\"ltr\">Parte de todo este bagaje legislativo y edilicio le dio la oportunidad de formarse tambi\u00e9n en territorio, hablando con la gente, \u201cque es lo que m\u00e1s tablas te da, porque tienes el sentir de la gente\u201d, por eso, cuando pas\u00f3 a Tribuna, piensa en lo que a la gente le gustar\u00eda decir a personajes que realmente a veces han sido hist\u00f3ricamente testigos y c\u00f3mplices de mucho de lo que ha sucedido en Veracruz, \u201ccomo un tema hasta pasional de estar en esa sinton\u00eda, de ser pueblo, que te sale del coraz\u00f3n\u201d.<\/p>\n<p dir=\"ltr\">Durante la conversaci\u00f3n cita en varias ocasiones a Edith Santos Rodr\u00edguez, su mami, quien influye mucho en lo que es Naomi Edith G\u00f3mez Santos\u2026 \u201cMi mam\u00e1 no tuvo las oportunidades por no pertenecer a un apellido o a un grupo pol\u00edtico; como mujer, no tuvo las oportunidades que ella me pudo dar y eso es lo que quiz\u00e1s yo quisiera tener en adelante con quien sea; si mi posibilidad de estar en este lugar abre camino a que m\u00e1s mujeres, j\u00f3venes, no nos demeriten por la edad ni por el g\u00e9nero, ni por qu\u00e9 clase social somos, ni por qu\u00e9 familia somos, y pueda incidir con esto en cualquier \u00e1rea, estoy m\u00e1s que complacida\u201d.<\/p>\n<p dir=\"ltr\">La tambi\u00e9n vicecoordinadora de la Junta de Coordinaci\u00f3n Pol\u00edtica toma mi c\u00e1mara, sus dedos se deslizan sobre la pantalla como si fuera suya, como si la conociera\u2026 enfoca a Jaime Guevara, de la Coordinaci\u00f3n de Comunicaci\u00f3n Social del Congreso\u2026 hace click! Prueba una m\u00e1s, otra m\u00e1s\u2026 \u00a1y ya me calibr\u00f3 la C\u00e1mara! \u00a1As\u00ed que ya saben, diputados! Si salen mejor en los Notimemes, es por culpa de Naomi.<\/p>\n","protected":false},"excerpt":{"rendered":"<p>Los Pol\u00edticos Salvador Mu\u00f1oz Durante la pl\u00e1tica, la cita tres veces\u2026 si bien es diputada por el distrito 28, no s\u00f3lo representa a los habitantes de Minatitl\u00e1n, Jes\u00fas Carranza, Uxpanapa e Hidalgotitl\u00e1n\u2026 muy en su coraz\u00f3n, en su pensamiento, muy dentro de s\u00ed, en sus hechos, en sus palabras, tambi\u00e9n representa a Edith Santos Rodr\u00edguez, [&hellip;]<\/p>\n","protected":false},"author":2476,"featured_media":387,"comment_status":"open","ping_status":"open","sticky":false,"template":"","format":"standard","meta":{"_jetpack_memberships_contains_paid_content":false,"footnotes":""},"categories":[11],"tags":[],"class_list":["post-61946","post","type-post","status-publish","format-standard","has-post-thumbnail","hentry","category-opinion"],"jetpack_featured_media_url":"https:\/\/encuentroinformativo.com.mx\/wp-content\/uploads\/2020\/03\/7CF8A22B-2764-47BE-8F7F-38FE9E5D6A2F.jpeg","jetpack_sharing_enabled":true,"jetpack_likes_enabled":true,"amp_enabled":true,"_links":{"self":[{"href":"https:\/\/encuentroinformativo.com.mx\/index.php?rest_route=\/wp\/v2\/posts\/61946","targetHints":{"allow":["GET"]}}],"collection":[{"href":"https:\/\/encuentroinformativo.com.mx\/index.php?rest_route=\/wp\/v2\/posts"}],"about":[{"href":"https:\/\/encuentroinformativo.com.mx\/index.php?rest_route=\/wp\/v2\/types\/post"}],"author":[{"embeddable":true,"href":"https:\/\/encuentroinformativo.com.mx\/index.php?rest_route=\/wp\/v2\/users\/2476"}],"replies":[{"embeddable":true,"href":"https:\/\/encuentroinformativo.com.mx\/index.php?rest_route=%2Fwp%2Fv2%2Fcomments&post=61946"}],"version-history":[{"count":1,"href":"https:\/\/encuentroinformativo.com.mx\/index.php?rest_route=\/wp\/v2\/posts\/61946\/revisions"}],"predecessor-version":[{"id":61947,"href":"https:\/\/encuentroinformativo.com.mx\/index.php?rest_route=\/wp\/v2\/posts\/61946\/revisions\/61947"}],"wp:featuredmedia":[{"embeddable":true,"href":"https:\/\/encuentroinformativo.com.mx\/index.php?rest_route=\/wp\/v2\/media\/387"}],"wp:attachment":[{"href":"https:\/\/encuentroinformativo.com.mx\/index.php?rest_route=%2Fwp%2Fv2%2Fmedia&parent=61946"}],"wp:term":[{"taxonomy":"category","embeddable":true,"href":"https:\/\/encuentroinformativo.com.mx\/index.php?rest_route=%2Fwp%2Fv2%2Fcategories&post=61946"},{"taxonomy":"post_tag","embeddable":true,"href":"https:\/\/encuentroinformativo.com.mx\/index.php?rest_route=%2Fwp%2Fv2%2Ftags&post=61946"}],"curies":[{"name":"wp","href":"https:\/\/api.w.org\/{rel}","templated":true}]}}