{"id":61948,"date":"2024-12-13T09:49:01","date_gmt":"2024-12-13T15:49:01","guid":{"rendered":"https:\/\/encuentroinformativo.com.mx\/?p=61948"},"modified":"2024-12-13T09:49:01","modified_gmt":"2024-12-13T15:49:01","slug":"tren-de-pasajeros-reactivaria-economia-del-centro-de-veracruz-cometur","status":"publish","type":"post","link":"https:\/\/encuentroinformativo.com.mx\/?p=61948","title":{"rendered":"Tren de pasajeros reactivar\u00eda econom\u00eda del centro de Veracruz: COMETUR"},"content":{"rendered":"<p><strong><span style=\"font-size: 1rem;\">Alejandro \u00c1vila<\/span><\/strong><\/p>\n<p>Veracruz, Ver.- El proyecto de reactivar el tren de pasajeros de Veracruz a Ciudad de M\u00e9xico pasando por Puebla, reactivar\u00eda el Centro Hist\u00f3rico del primer Ayuntamiento de Hispanoam\u00e9rica, asegur\u00f3 el presidente del Consejo Metropolitano de Turismo, Sergio Lois Heredia.<\/p>\n<p>El empresario hotelero aclar\u00f3 que se tendr\u00e1 que estar pendiente de los costos, comodidad y tiempo que se har\u00e1n en el viaje en tren, para de esta manera conocer si ser\u00e1 competitivo con las l\u00edneas a\u00e9reas o los autobuses de pasaje.<\/p>\n<p>&#8220;Tambi\u00e9n hay que ver que tambi\u00e9n hay muchas variables, al final a Veracruz llegan las personas por medio del autob\u00fas, de su coche en la carretera, es por donde m\u00e1s llegan y a\u00e9reo, por los aviones, habr\u00e1 que ver y analizar que costos van a tener el tren, que duraci\u00f3n va a tener el tren, que tan c\u00f3modo va a ser el tren, si el tren llegara a poder competir en cuanto a comodidad en cuanto a tiempos en cuanto a costos con estas otras dos alternativas, creo que va a servir mucho y en espec\u00edfico, la realidad es que creo que le servir\u00eda mucho a la reactivaci\u00f3n que se est\u00e1 intentando hacer en el centro de Veracruz, porque la estaci\u00f3n de trenes est\u00e1 en el centro de Veracruz&#8221;, subray\u00f3.<\/p>\n<p>Sergio Lois se\u00f1al\u00f3 que es importante se est\u00e9 volteando a ver esta zona del pa\u00eds ya que durante el sexenio pasado la Secretar\u00eda de Turismo federal puso especial \u00e9nfasis en el Tren Maya.<\/p>\n<p>&#8220;Nosotros dec\u00edamos durante el sexenio pasado que tambi\u00e9n se volteara a ver tur\u00edsticamente a esta zona no solamente al sureste que estaba el tema del Tren Maya que fue una obra magna y mucho el presupuesto de la Secretar\u00eda de Turismo Federal de FONATUR, fue para la construcci\u00f3n del Tren Maya, entonces era como, nos tienen aqu\u00ed olvidados, sabemos que el sureste de M\u00e9xico es muy importante tur\u00edsticamente hablando, quiz\u00e1 la zona m\u00e1s importante del turismo nacional, pero al final nos est\u00e1s dando m\u00e1s armas para competir internamente&#8221;, culmin\u00f3.<\/p>\n","protected":false},"excerpt":{"rendered":"<p>Alejandro \u00c1vila Veracruz, Ver.- El proyecto de reactivar el tren de pasajeros de Veracruz a Ciudad de M\u00e9xico pasando por Puebla, reactivar\u00eda el Centro Hist\u00f3rico del primer Ayuntamiento de Hispanoam\u00e9rica, asegur\u00f3 el presidente del Consejo Metropolitano de Turismo, Sergio Lois Heredia. El empresario hotelero aclar\u00f3 que se tendr\u00e1 que estar pendiente de los costos, comodidad [&hellip;]<\/p>\n","protected":false},"author":2476,"featured_media":61949,"comment_status":"open","ping_status":"open","sticky":false,"template":"","format":"standard","meta":{"_jetpack_memberships_contains_paid_content":false,"footnotes":""},"categories":[2],"tags":[],"class_list":["post-61948","post","type-post","status-publish","format-standard","has-post-thumbnail","hentry","category-estado"],"jetpack_featured_media_url":"https:\/\/encuentroinformativo.com.mx\/wp-content\/uploads\/2024\/12\/IMG-20241213-WA0010.jpg","jetpack_sharing_enabled":true,"jetpack_likes_enabled":true,"amp_enabled":true,"_links":{"self":[{"href":"https:\/\/encuentroinformativo.com.mx\/index.php?rest_route=\/wp\/v2\/posts\/61948","targetHints":{"allow":["GET"]}}],"collection":[{"href":"https:\/\/encuentroinformativo.com.mx\/index.php?rest_route=\/wp\/v2\/posts"}],"about":[{"href":"https:\/\/encuentroinformativo.com.mx\/index.php?rest_route=\/wp\/v2\/types\/post"}],"author":[{"embeddable":true,"href":"https:\/\/encuentroinformativo.com.mx\/index.php?rest_route=\/wp\/v2\/users\/2476"}],"replies":[{"embeddable":true,"href":"https:\/\/encuentroinformativo.com.mx\/index.php?rest_route=%2Fwp%2Fv2%2Fcomments&post=61948"}],"version-history":[{"count":1,"href":"https:\/\/encuentroinformativo.com.mx\/index.php?rest_route=\/wp\/v2\/posts\/61948\/revisions"}],"predecessor-version":[{"id":61950,"href":"https:\/\/encuentroinformativo.com.mx\/index.php?rest_route=\/wp\/v2\/posts\/61948\/revisions\/61950"}],"wp:featuredmedia":[{"embeddable":true,"href":"https:\/\/encuentroinformativo.com.mx\/index.php?rest_route=\/wp\/v2\/media\/61949"}],"wp:attachment":[{"href":"https:\/\/encuentroinformativo.com.mx\/index.php?rest_route=%2Fwp%2Fv2%2Fmedia&parent=61948"}],"wp:term":[{"taxonomy":"category","embeddable":true,"href":"https:\/\/encuentroinformativo.com.mx\/index.php?rest_route=%2Fwp%2Fv2%2Fcategories&post=61948"},{"taxonomy":"post_tag","embeddable":true,"href":"https:\/\/encuentroinformativo.com.mx\/index.php?rest_route=%2Fwp%2Fv2%2Ftags&post=61948"}],"curies":[{"name":"wp","href":"https:\/\/api.w.org\/{rel}","templated":true}]}}