{"id":61961,"date":"2024-12-13T13:04:33","date_gmt":"2024-12-13T19:04:33","guid":{"rendered":"https:\/\/encuentroinformativo.com.mx\/?p=61961"},"modified":"2024-12-13T13:04:33","modified_gmt":"2024-12-13T19:04:33","slug":"policias-municipales-repelen-agresion-en-san-juan-evangelista-hay-bajas","status":"publish","type":"post","link":"https:\/\/encuentroinformativo.com.mx\/?p=61961","title":{"rendered":"Polic\u00edas municipales repelen agresi\u00f3n en San Juan Evangelista; hay bajas"},"content":{"rendered":"<p><strong><span style=\"font-size: 1rem;\">Dar\u00edo Pale<\/span><\/strong><\/p>\n<p>Xalapa, Ver.- La Polic\u00eda municipal de San Juan Evangelista repele la agresi\u00f3n de secuestradores, lamentablemente sufri\u00f3 dos bajas al marcar el alto a grupo de secuestradores que llevaban a una persona privada de la libertad y que escaparon rumbo a Sayula.<\/p>\n<p>La ma\u00f1ana de este viernes, sobre la carretera federal Sayula de Alem\u00e1n-La Tinaja, en la comunidad de Rancho Nuevo en la zona de topes, elementos de la Polic\u00eda Municipal de San Juan fueron agredidos a balazos por una c\u00e9lula de la delincuencia organizada.<\/p>\n<p>Se confirma de forma extraoficial la muerte de un municipal en cumplimiento del deber y otro lesionado que ya recibe atenci\u00f3n m\u00e9dica.<\/p>\n<p>Los agresores viajaban en dos camionetas, una Tacoma blanca y una camioneta cerrada, las cuales se fueron a esconder en direcci\u00f3n a Sayula de Alem\u00e1n.<\/p>\n<p>Posteriormente a la agresi\u00f3n, se recibieron diversos reportes de ciudadanos que afirmaron haber visto que en una de las camionetas, los agresores llevaban a una persona privada de la libertad, con la cual iban forcejeando durante el trayecto rumbo a Sayula de Alem\u00e1n.<\/p>\n<p>Se comenta que los agresores lanzaron una granada y ponchallantas para cubrir su escape, es el mismo modus operandi de las bandas que han intentado entrar a robar la paz y a cobrar cuotas a San Juan Evangelista, bandas que se refugian en Sayula Alem\u00e1n y Acayucan.<\/p>\n<p>En la zona de los hechos, se remarca, se encontraron indicios de que estos criminales tra\u00edan artiller\u00eda pesada, pues adem\u00e1s de la granada que fue asegurada, fueron localizados eslabones de una carrillera de ametralladora tipo \u201cminimi\u201d las cuales son armas de uso exclusivo de las fuerzas armadas, y son consideradas armas de guerra.<\/p>\n<p>Lamentablemente, se sabe que el segundo elemento que hab\u00eda salido lesionado, perdi\u00f3 la vida, a pesar del esfuerzo de los m\u00e9dicos por salvarlo, el impacto de las armas de guerra usadas en el ataque, fue brutal.<\/p>\n","protected":false},"excerpt":{"rendered":"<p>Dar\u00edo Pale Xalapa, Ver.- La Polic\u00eda municipal de San Juan Evangelista repele la agresi\u00f3n de secuestradores, lamentablemente sufri\u00f3 dos bajas al marcar el alto a grupo de secuestradores que llevaban a una persona privada de la libertad y que escaparon rumbo a Sayula. La ma\u00f1ana de este viernes, sobre la carretera federal Sayula de Alem\u00e1n-La [&hellip;]<\/p>\n","protected":false},"author":2476,"featured_media":61962,"comment_status":"open","ping_status":"open","sticky":false,"template":"","format":"standard","meta":{"_jetpack_memberships_contains_paid_content":false,"footnotes":""},"categories":[2],"tags":[],"class_list":["post-61961","post","type-post","status-publish","format-standard","has-post-thumbnail","hentry","category-estado"],"jetpack_featured_media_url":"https:\/\/encuentroinformativo.com.mx\/wp-content\/uploads\/2024\/12\/IMG-20241213-WA0028.jpg","jetpack_sharing_enabled":true,"jetpack_likes_enabled":true,"amp_enabled":true,"_links":{"self":[{"href":"https:\/\/encuentroinformativo.com.mx\/index.php?rest_route=\/wp\/v2\/posts\/61961","targetHints":{"allow":["GET"]}}],"collection":[{"href":"https:\/\/encuentroinformativo.com.mx\/index.php?rest_route=\/wp\/v2\/posts"}],"about":[{"href":"https:\/\/encuentroinformativo.com.mx\/index.php?rest_route=\/wp\/v2\/types\/post"}],"author":[{"embeddable":true,"href":"https:\/\/encuentroinformativo.com.mx\/index.php?rest_route=\/wp\/v2\/users\/2476"}],"replies":[{"embeddable":true,"href":"https:\/\/encuentroinformativo.com.mx\/index.php?rest_route=%2Fwp%2Fv2%2Fcomments&post=61961"}],"version-history":[{"count":1,"href":"https:\/\/encuentroinformativo.com.mx\/index.php?rest_route=\/wp\/v2\/posts\/61961\/revisions"}],"predecessor-version":[{"id":61963,"href":"https:\/\/encuentroinformativo.com.mx\/index.php?rest_route=\/wp\/v2\/posts\/61961\/revisions\/61963"}],"wp:featuredmedia":[{"embeddable":true,"href":"https:\/\/encuentroinformativo.com.mx\/index.php?rest_route=\/wp\/v2\/media\/61962"}],"wp:attachment":[{"href":"https:\/\/encuentroinformativo.com.mx\/index.php?rest_route=%2Fwp%2Fv2%2Fmedia&parent=61961"}],"wp:term":[{"taxonomy":"category","embeddable":true,"href":"https:\/\/encuentroinformativo.com.mx\/index.php?rest_route=%2Fwp%2Fv2%2Fcategories&post=61961"},{"taxonomy":"post_tag","embeddable":true,"href":"https:\/\/encuentroinformativo.com.mx\/index.php?rest_route=%2Fwp%2Fv2%2Ftags&post=61961"}],"curies":[{"name":"wp","href":"https:\/\/api.w.org\/{rel}","templated":true}]}}