{"id":61971,"date":"2024-12-13T13:33:17","date_gmt":"2024-12-13T19:33:17","guid":{"rendered":"https:\/\/encuentroinformativo.com.mx\/?p=61971"},"modified":"2024-12-13T13:33:17","modified_gmt":"2024-12-13T19:33:17","slug":"en-soledad-de-doblado-sancionaran-a-quien-queme-pirotecnia-en-diciembre","status":"publish","type":"post","link":"https:\/\/encuentroinformativo.com.mx\/?p=61971","title":{"rendered":"En Soledad de Doblado sancionar\u00e1n a quien queme pirotecnia en diciembre"},"content":{"rendered":"<p><strong><span style=\"font-size: 1rem;\">Alejandro \u00c1vila<\/span><\/strong><\/p>\n<p>Soledad de Doblado, Ver.- El Ayuntamiento de Soledad de Doblado que ahora encabeza la alcaldesa suplente, Malitzin S\u00e1nchez Sol\u00eds, inform\u00f3 a trav\u00e9s de un comunicado que a partir del 10 de diciembre queda prohibido la quema de pirotecnia de arranque, tambi\u00e9n conocidos como &#8220;Cohete de varilla&#8221;<\/p>\n<p>En su comunicado menciona que es por respeto y cuidado a ni\u00f1os con autismo, personas de la tercera edad, animales y la integridad f\u00edsica de todos.<\/p>\n<p>Cabe mencionar que durante estos d\u00edas de celebraci\u00f3n de las fiestas en honor a la Virgen de Guadalupe, varias personas han sido gravemente lesionadas por la quema de estos objetos, al igual ha cobrado la vida de varios perritos que por salir huyendo han sido atropellados en la calle y carretera.<\/p>\n<p>La medida fue aplaudida por los habitantes de la cabecera municipal de Soledad de Doblado, ya que tambi\u00e9n existir\u00e1n sanciones o multas a quienes no cumplan con este mandato que busca erradicar el uso de pirotecnia en el municipio, ahora la poblaci\u00f3n busca tambi\u00e9n exista sanci\u00f3n a quienes queman cohetones en las fiestas decembrina.<\/p>\n","protected":false},"excerpt":{"rendered":"<p>Alejandro \u00c1vila Soledad de Doblado, Ver.- El Ayuntamiento de Soledad de Doblado que ahora encabeza la alcaldesa suplente, Malitzin S\u00e1nchez Sol\u00eds, inform\u00f3 a trav\u00e9s de un comunicado que a partir del 10 de diciembre queda prohibido la quema de pirotecnia de arranque, tambi\u00e9n conocidos como &#8220;Cohete de varilla&#8221; En su comunicado menciona que es por [&hellip;]<\/p>\n","protected":false},"author":2476,"featured_media":61972,"comment_status":"open","ping_status":"open","sticky":false,"template":"","format":"standard","meta":{"_jetpack_memberships_contains_paid_content":false,"footnotes":""},"categories":[2],"tags":[],"class_list":["post-61971","post","type-post","status-publish","format-standard","has-post-thumbnail","hentry","category-estado"],"jetpack_featured_media_url":"https:\/\/encuentroinformativo.com.mx\/wp-content\/uploads\/2024\/12\/IMG-20241213-WA0032.jpg","jetpack_sharing_enabled":true,"jetpack_likes_enabled":true,"amp_enabled":true,"_links":{"self":[{"href":"https:\/\/encuentroinformativo.com.mx\/index.php?rest_route=\/wp\/v2\/posts\/61971","targetHints":{"allow":["GET"]}}],"collection":[{"href":"https:\/\/encuentroinformativo.com.mx\/index.php?rest_route=\/wp\/v2\/posts"}],"about":[{"href":"https:\/\/encuentroinformativo.com.mx\/index.php?rest_route=\/wp\/v2\/types\/post"}],"author":[{"embeddable":true,"href":"https:\/\/encuentroinformativo.com.mx\/index.php?rest_route=\/wp\/v2\/users\/2476"}],"replies":[{"embeddable":true,"href":"https:\/\/encuentroinformativo.com.mx\/index.php?rest_route=%2Fwp%2Fv2%2Fcomments&post=61971"}],"version-history":[{"count":1,"href":"https:\/\/encuentroinformativo.com.mx\/index.php?rest_route=\/wp\/v2\/posts\/61971\/revisions"}],"predecessor-version":[{"id":61973,"href":"https:\/\/encuentroinformativo.com.mx\/index.php?rest_route=\/wp\/v2\/posts\/61971\/revisions\/61973"}],"wp:featuredmedia":[{"embeddable":true,"href":"https:\/\/encuentroinformativo.com.mx\/index.php?rest_route=\/wp\/v2\/media\/61972"}],"wp:attachment":[{"href":"https:\/\/encuentroinformativo.com.mx\/index.php?rest_route=%2Fwp%2Fv2%2Fmedia&parent=61971"}],"wp:term":[{"taxonomy":"category","embeddable":true,"href":"https:\/\/encuentroinformativo.com.mx\/index.php?rest_route=%2Fwp%2Fv2%2Fcategories&post=61971"},{"taxonomy":"post_tag","embeddable":true,"href":"https:\/\/encuentroinformativo.com.mx\/index.php?rest_route=%2Fwp%2Fv2%2Ftags&post=61971"}],"curies":[{"name":"wp","href":"https:\/\/api.w.org\/{rel}","templated":true}]}}