{"id":61980,"date":"2024-12-14T12:59:05","date_gmt":"2024-12-14T18:59:05","guid":{"rendered":"https:\/\/encuentroinformativo.com.mx\/?p=61980"},"modified":"2024-12-14T12:59:05","modified_gmt":"2024-12-14T18:59:05","slug":"reitera-eduardo-andrade-participara-para-eleccion-de-ministros","status":"publish","type":"post","link":"https:\/\/encuentroinformativo.com.mx\/?p=61980","title":{"rendered":"Reitera Eduardo Andrade, participar\u00e1 para elecci\u00f3n de Ministros"},"content":{"rendered":"<p><strong><span style=\"font-size: 1rem;\">Dar\u00edo Pale<\/span><\/strong><\/p>\n<p>Xalapa, Ver.- Participar\u00e1 en la elecci\u00f3n para ministro de la Suprema Corte de Justicia de la Naci\u00f3n (SCJN), que se llevar\u00e1 a cabo el 2 de junio del pr\u00f3ximo a\u00f1o, as\u00ed lo dio a conocer el jurista veracruzano Eduardo Andrade S\u00e1nchez.<\/p>\n<p>En entrevista explic\u00f3 que, el m\u00e9todo actual en el que los aspirantes ser\u00e1n sorteados en una t\u00f3mbola es novedoso y abre oportunidades a profesionales del derecho de todo el pa\u00eds de participar en la integraci\u00f3n de la m\u00e1xima autoridad judicial.<\/p>\n<p>&#8220;Es algo novedoso que abri\u00f3 la puerta a muchas personas. En los estados de la Rep\u00fablica hay mucha gente capaz y siempre se cerraba la posibilidad porque la Ciudad de M\u00e9xico es muy absorbente\u201d, se\u00f1al\u00f3.<\/p>\n<p>\u201cLa clase pol\u00edtica y jur\u00eddica de la Ciudad de M\u00e9xico son bastante cerrados. No es f\u00e1cil para un magistrado, por bueno que sea o un abogado litigante que los hay muy buenos o acad\u00e9micos. Esto ha abierto muchas posibilidades. Es mi propio caso, el tener la posibilidad de ir y demostrar lo que uno ha hecho en trabajo jur\u00eddico&#8221;, coment\u00f3.<\/p>\n<p>Dentro del proceso habr\u00e1 una primera lista en la que se eliminar\u00e1n aquellos que no cumplan con los requisitos formales o que no hubieran entregado todos los documentos que se ten\u00edan que entregar.<\/p>\n<p>Por \u00faltimo coment\u00f3 que cada Comit\u00e9 de Evaluaci\u00f3n tendr\u00e1 que proceder a revisar los curriculum, de ah\u00ed saldr\u00e1 una lista de diez a finales de enero, mismos que entrar\u00e1n a un sorteo a trav\u00e9s de una t\u00f3mbola el 4 de febrero para de esta forma ganar los 4 lugares para ministros y 5 para ministra.<!--more--><\/p>\n","protected":false},"excerpt":{"rendered":"<p>Dar\u00edo Pale Xalapa, Ver.- Participar\u00e1 en la elecci\u00f3n para ministro de la Suprema Corte de Justicia de la Naci\u00f3n (SCJN), que se llevar\u00e1 a cabo el 2 de junio del pr\u00f3ximo a\u00f1o, as\u00ed lo dio a conocer el jurista veracruzano Eduardo Andrade S\u00e1nchez. En entrevista explic\u00f3 que, el m\u00e9todo actual en el que los aspirantes [&hellip;]<\/p>\n","protected":false},"author":2476,"featured_media":61981,"comment_status":"open","ping_status":"open","sticky":false,"template":"","format":"standard","meta":{"_jetpack_memberships_contains_paid_content":false,"footnotes":""},"categories":[2],"tags":[],"class_list":["post-61980","post","type-post","status-publish","format-standard","has-post-thumbnail","hentry","category-estado"],"jetpack_featured_media_url":"https:\/\/encuentroinformativo.com.mx\/wp-content\/uploads\/2024\/12\/IMG-20241214-WA0020.jpg","jetpack_sharing_enabled":true,"jetpack_likes_enabled":true,"amp_enabled":true,"_links":{"self":[{"href":"https:\/\/encuentroinformativo.com.mx\/index.php?rest_route=\/wp\/v2\/posts\/61980","targetHints":{"allow":["GET"]}}],"collection":[{"href":"https:\/\/encuentroinformativo.com.mx\/index.php?rest_route=\/wp\/v2\/posts"}],"about":[{"href":"https:\/\/encuentroinformativo.com.mx\/index.php?rest_route=\/wp\/v2\/types\/post"}],"author":[{"embeddable":true,"href":"https:\/\/encuentroinformativo.com.mx\/index.php?rest_route=\/wp\/v2\/users\/2476"}],"replies":[{"embeddable":true,"href":"https:\/\/encuentroinformativo.com.mx\/index.php?rest_route=%2Fwp%2Fv2%2Fcomments&post=61980"}],"version-history":[{"count":1,"href":"https:\/\/encuentroinformativo.com.mx\/index.php?rest_route=\/wp\/v2\/posts\/61980\/revisions"}],"predecessor-version":[{"id":61982,"href":"https:\/\/encuentroinformativo.com.mx\/index.php?rest_route=\/wp\/v2\/posts\/61980\/revisions\/61982"}],"wp:featuredmedia":[{"embeddable":true,"href":"https:\/\/encuentroinformativo.com.mx\/index.php?rest_route=\/wp\/v2\/media\/61981"}],"wp:attachment":[{"href":"https:\/\/encuentroinformativo.com.mx\/index.php?rest_route=%2Fwp%2Fv2%2Fmedia&parent=61980"}],"wp:term":[{"taxonomy":"category","embeddable":true,"href":"https:\/\/encuentroinformativo.com.mx\/index.php?rest_route=%2Fwp%2Fv2%2Fcategories&post=61980"},{"taxonomy":"post_tag","embeddable":true,"href":"https:\/\/encuentroinformativo.com.mx\/index.php?rest_route=%2Fwp%2Fv2%2Ftags&post=61980"}],"curies":[{"name":"wp","href":"https:\/\/api.w.org\/{rel}","templated":true}]}}