{"id":61983,"date":"2024-12-14T13:03:19","date_gmt":"2024-12-14T19:03:19","guid":{"rendered":"https:\/\/encuentroinformativo.com.mx\/?p=61983"},"modified":"2024-12-14T13:03:19","modified_gmt":"2024-12-14T19:03:19","slug":"desfile-navideno-este-sabado-en-xalapa","status":"publish","type":"post","link":"https:\/\/encuentroinformativo.com.mx\/?p=61983","title":{"rendered":"Desfile navide\u00f1o, este s\u00e1bado, en Xalapa"},"content":{"rendered":"<p><strong><span style=\"font-size: 1rem;\">* Se realizar\u00e1 este 14 de diciembre a las 18:00 horas por las principales calles del Centro Hist\u00f3rico; se solicita tomar rutas alternas.<\/span><\/strong><\/p>\n<p>Xalapa, Ver.- Con el fin de preservar las tradiciones e impulsar el turismo y la cultura en la regi\u00f3n capital, este s\u00e1bado 14 de diciembre se llevar\u00e1 a cabo la octava edici\u00f3n del Desfile Navide\u00f1o 2024, a las 18:00 horas.<\/p>\n<p>De acuerdo con el coordinador de Sumando Voluntades Xalapa, Leonardo Ruiz Moreno, se trata de un evento familiar para el disfrute de las ni\u00f1as, los ni\u00f1os y la sociedad en general, en el marco de las festividades navide\u00f1as.<\/p>\n<p>Agreg\u00f3 que se espera la asistencia de 7 mil participantes entre los que destacan ballets folkl\u00f3ricos, clubes de sonido, grupos de autos, payasos, botargas y la intervenci\u00f3n especial de una marching band de Guatemala.<\/p>\n<p>El jefe del Departamento de Movilidad Urbana, Alfonso L\u00f3pez Pineda, agreg\u00f3 que de acuerdo con el recorrido programado, se har\u00e1n cierres parciales a la vialidad de las 16:00 a las 20:00 horas en la avenida 20 de Noviembre, a la altura de la iglesia de La Piedad, as\u00ed como en las calles Xalape\u00f1os Ilustres, Enr\u00edquez y la avenida Manuel \u00c1vila Camacho hasta llegar al parque Los Tecajetes.<\/p>\n<p>Por ello, solicit\u00f3 a la poblaci\u00f3n tomar v\u00edas alternas y programar sus tiempos de traslado. Conforme avance el desfile se ir\u00e1n liberando las vialidades.<\/p>\n<p>Se contar\u00e1 con la participaci\u00f3n de personal de las direcciones de Turismo, Cultura, la Regidur\u00eda Quinta, Protecci\u00f3n Civil y Seguridad Ciudadana y Tr\u00e1nsito Municipal.<\/p>\n","protected":false},"excerpt":{"rendered":"<p>* Se realizar\u00e1 este 14 de diciembre a las 18:00 horas por las principales calles del Centro Hist\u00f3rico; se solicita tomar rutas alternas. Xalapa, Ver.- Con el fin de preservar las tradiciones e impulsar el turismo y la cultura en la regi\u00f3n capital, este s\u00e1bado 14 de diciembre se llevar\u00e1 a cabo la octava edici\u00f3n [&hellip;]<\/p>\n","protected":false},"author":2476,"featured_media":61984,"comment_status":"open","ping_status":"open","sticky":false,"template":"","format":"standard","meta":{"_jetpack_memberships_contains_paid_content":false,"footnotes":""},"categories":[3],"tags":[],"class_list":["post-61983","post","type-post","status-publish","format-standard","has-post-thumbnail","hentry","category-xalapa"],"jetpack_featured_media_url":"https:\/\/encuentroinformativo.com.mx\/wp-content\/uploads\/2024\/12\/IMG-20241214-WA0015-scaled.jpg","jetpack_sharing_enabled":true,"jetpack_likes_enabled":true,"amp_enabled":true,"_links":{"self":[{"href":"https:\/\/encuentroinformativo.com.mx\/index.php?rest_route=\/wp\/v2\/posts\/61983","targetHints":{"allow":["GET"]}}],"collection":[{"href":"https:\/\/encuentroinformativo.com.mx\/index.php?rest_route=\/wp\/v2\/posts"}],"about":[{"href":"https:\/\/encuentroinformativo.com.mx\/index.php?rest_route=\/wp\/v2\/types\/post"}],"author":[{"embeddable":true,"href":"https:\/\/encuentroinformativo.com.mx\/index.php?rest_route=\/wp\/v2\/users\/2476"}],"replies":[{"embeddable":true,"href":"https:\/\/encuentroinformativo.com.mx\/index.php?rest_route=%2Fwp%2Fv2%2Fcomments&post=61983"}],"version-history":[{"count":1,"href":"https:\/\/encuentroinformativo.com.mx\/index.php?rest_route=\/wp\/v2\/posts\/61983\/revisions"}],"predecessor-version":[{"id":61985,"href":"https:\/\/encuentroinformativo.com.mx\/index.php?rest_route=\/wp\/v2\/posts\/61983\/revisions\/61985"}],"wp:featuredmedia":[{"embeddable":true,"href":"https:\/\/encuentroinformativo.com.mx\/index.php?rest_route=\/wp\/v2\/media\/61984"}],"wp:attachment":[{"href":"https:\/\/encuentroinformativo.com.mx\/index.php?rest_route=%2Fwp%2Fv2%2Fmedia&parent=61983"}],"wp:term":[{"taxonomy":"category","embeddable":true,"href":"https:\/\/encuentroinformativo.com.mx\/index.php?rest_route=%2Fwp%2Fv2%2Fcategories&post=61983"},{"taxonomy":"post_tag","embeddable":true,"href":"https:\/\/encuentroinformativo.com.mx\/index.php?rest_route=%2Fwp%2Fv2%2Ftags&post=61983"}],"curies":[{"name":"wp","href":"https:\/\/api.w.org\/{rel}","templated":true}]}}