{"id":61995,"date":"2024-12-14T17:16:50","date_gmt":"2024-12-14T23:16:50","guid":{"rendered":"https:\/\/encuentroinformativo.com.mx\/?p=61995"},"modified":"2024-12-14T17:16:50","modified_gmt":"2024-12-14T23:16:50","slug":"se-fusionara-el-sea-con-contraloria-de-gobierno","status":"publish","type":"post","link":"https:\/\/encuentroinformativo.com.mx\/?p=61995","title":{"rendered":"Se fusionar\u00e1 el SEA con Contralor\u00eda de Gobierno"},"content":{"rendered":"<p><strong><span style=\"font-size: 1rem;\">Dar\u00edo Pale<\/span><\/strong><\/p>\n<p>Xalapa, Ver.- El Sistema Estatal Anticorrupci\u00f3n (SEA), ser\u00e1 adherido a la Contralor\u00eda General del Estado (CGE), al igual que el Instituto Veracruzano de Acceso a la Informaci\u00f3n y Datos Personales (IVAI), as\u00ed lo dio a conocer la secretaria ejecutiva, Adriana Paola Linares Capitanachi.<\/p>\n<p>En entrevista se\u00f1al\u00f3 que, \u201cva haber una fusi\u00f3n con la Contralor\u00eda, pero todav\u00eda no sabemos la forma como va a hacerse esa fusi\u00f3n\u201d.<\/p>\n<p>Ser\u00e1 el Congreso del Estado quien determine dicha medida una vez que se homologue la reforma federal.<\/p>\n<p>Linares Capitanachi destac\u00f3 que el SEA tiene registrados actualmente alrededor de 20 ex funcionarios de diferentes dependencias estatales por incurrir en actos relacionados a la corrupci\u00f3n, algunos dijo, han sido incluso inhabilitados.<\/p>\n<p>\u201cYa tenemos de varias dependencias notificadas las sanciones que son en muchos de los casos tenemos sanciones graves e inhabilitaciones\u201d, coment\u00f3.<\/p>\n<p>Finalmente explic\u00f3 que los procesos de sanciones son tardados, pero se van actualizando los datos en la plataforma digital del SEA.<\/p>\n","protected":false},"excerpt":{"rendered":"<p>Dar\u00edo Pale Xalapa, Ver.- El Sistema Estatal Anticorrupci\u00f3n (SEA), ser\u00e1 adherido a la Contralor\u00eda General del Estado (CGE), al igual que el Instituto Veracruzano de Acceso a la Informaci\u00f3n y Datos Personales (IVAI), as\u00ed lo dio a conocer la secretaria ejecutiva, Adriana Paola Linares Capitanachi. En entrevista se\u00f1al\u00f3 que, \u201cva haber una fusi\u00f3n con la [&hellip;]<\/p>\n","protected":false},"author":2476,"featured_media":61996,"comment_status":"open","ping_status":"open","sticky":false,"template":"","format":"standard","meta":{"_jetpack_memberships_contains_paid_content":false,"footnotes":""},"categories":[2],"tags":[],"class_list":["post-61995","post","type-post","status-publish","format-standard","has-post-thumbnail","hentry","category-estado"],"jetpack_featured_media_url":"https:\/\/encuentroinformativo.com.mx\/wp-content\/uploads\/2024\/12\/IMG-20241214-WA00352.jpg","jetpack_sharing_enabled":true,"jetpack_likes_enabled":true,"amp_enabled":true,"_links":{"self":[{"href":"https:\/\/encuentroinformativo.com.mx\/index.php?rest_route=\/wp\/v2\/posts\/61995","targetHints":{"allow":["GET"]}}],"collection":[{"href":"https:\/\/encuentroinformativo.com.mx\/index.php?rest_route=\/wp\/v2\/posts"}],"about":[{"href":"https:\/\/encuentroinformativo.com.mx\/index.php?rest_route=\/wp\/v2\/types\/post"}],"author":[{"embeddable":true,"href":"https:\/\/encuentroinformativo.com.mx\/index.php?rest_route=\/wp\/v2\/users\/2476"}],"replies":[{"embeddable":true,"href":"https:\/\/encuentroinformativo.com.mx\/index.php?rest_route=%2Fwp%2Fv2%2Fcomments&post=61995"}],"version-history":[{"count":1,"href":"https:\/\/encuentroinformativo.com.mx\/index.php?rest_route=\/wp\/v2\/posts\/61995\/revisions"}],"predecessor-version":[{"id":61997,"href":"https:\/\/encuentroinformativo.com.mx\/index.php?rest_route=\/wp\/v2\/posts\/61995\/revisions\/61997"}],"wp:featuredmedia":[{"embeddable":true,"href":"https:\/\/encuentroinformativo.com.mx\/index.php?rest_route=\/wp\/v2\/media\/61996"}],"wp:attachment":[{"href":"https:\/\/encuentroinformativo.com.mx\/index.php?rest_route=%2Fwp%2Fv2%2Fmedia&parent=61995"}],"wp:term":[{"taxonomy":"category","embeddable":true,"href":"https:\/\/encuentroinformativo.com.mx\/index.php?rest_route=%2Fwp%2Fv2%2Fcategories&post=61995"},{"taxonomy":"post_tag","embeddable":true,"href":"https:\/\/encuentroinformativo.com.mx\/index.php?rest_route=%2Fwp%2Fv2%2Ftags&post=61995"}],"curies":[{"name":"wp","href":"https:\/\/api.w.org\/{rel}","templated":true}]}}