{"id":62009,"date":"2024-12-15T17:37:19","date_gmt":"2024-12-15T23:37:19","guid":{"rendered":"https:\/\/encuentroinformativo.com.mx\/?p=62009"},"modified":"2024-12-15T17:37:19","modified_gmt":"2024-12-15T23:37:19","slug":"mujer-de-60-anos-vive-viacrusis-tras-muerte-su-hijo","status":"publish","type":"post","link":"https:\/\/encuentroinformativo.com.mx\/?p=62009","title":{"rendered":"Mujer de 60 a\u00f1os vive viacrusis tras muerte su hijo"},"content":{"rendered":"<p><strong><span style=\"font-size: 1rem;\">Alejandro \u00c1vila<\/span><\/strong><\/p>\n<p>Veracruz, Ver.- Adelina Rosales Apolinar mujer de 60 a\u00f1os que perdiera a su hijo en 2023 tras ser atropellado en la carretera federal Veracruz &#8211; Cardel, vive un aut\u00e9ntico viacrucis ya que el Poder Judicial pr\u00e1cticamente le est\u00e1 dando la espalda.<\/p>\n<p>La mujer ahora debe sacar adelante a su nieto quien qued\u00f3 en completa orfandad, pues adem\u00e1s de la muerte de su pap\u00e1, el peque\u00f1o de 8 a\u00f1os tampoco cuenta con su madre quien migr\u00f3 a los Estados Unidos.<\/p>\n<p>Jorge Ad\u00e1n Carde\u00f1a Rosales ten\u00eda 37 a\u00f1os, cuando el 14 de noviembre de 2023, se dirig\u00eda a su domicilio en la localidad de Felipe Carrillo Puerto en el municipio de Manlio Fabio Altamirano donde ya no pudo llegar, pues la conductora de un auto lo priv\u00f3 de la vida.<\/p>\n<p>La se\u00f1ora identificada como Eufrosina S. A. es quien presuntamente iba tras el volante del veh\u00edculo Volkswagen Vento color negro que impact\u00f3 al difunto que pasaba en su moto por la autopista Veracruz Cardel a la altura del Renacimiento.<\/p>\n<p>Luego del choque, la se\u00f1alada todav\u00eda le pas\u00f3 encima al agraviado y se detuvo solo despu\u00e9s de colisionar contra la guarnici\u00f3n de la calle lateral, donde finalmente fue declarado muerto por param\u00e9dicos de la Cruz Roja.<\/p>\n<p>A un a\u00f1o y un mes de la tragedia, Do\u00f1a Adelina ha tenido que remar contracorriente pues la Fiscal Segunda Ol\u00e1n Garc\u00eda El\u00edas asignada a su caso, parece que ha estado en su contra por todas las trabas que le ha puesto en su b\u00fasqueda de justicia.<\/p>\n<p>Se\u00f1al\u00f3 que en repetidas ocasiones la mencionada quien se supone deber\u00eda velar por sus intereses, no ha hecho m\u00e1s que pedirle que acepte los 100 mil pesos que le ha ofrecido la acusada para dar vuelta a la p\u00e1gina.<\/p>\n<p>Sin embargo, ella y la abogada particular que la ha asesorado de manera gratuita se\u00f1alaron que solo buscan lo justo e incluso tras hacer cuentas con el tabulador, est\u00e1n pidiendo la mitad del mill\u00f3n y medio de pesos que por ley les corresponder\u00eda como reparaci\u00f3n del da\u00f1o.<\/p>\n<p>&#8220;Hasta el momento nos da una oferta de 500 mil pesos que yo creo que no tiene valor ninguna vida yo le dije en su momento a la se\u00f1ora, si usted tiene hijos y dice que 500 mil pesos cuesta la vida de una persona, bueno pues que barato tiene usted a sus hijos porque la verdad es una cantidad que da risa.<\/p>\n<p>&#8220;Las autoridades se dice que est\u00e1n al servicio del pueblo, al de las personas que somos v\u00edctimas pero parece ser que no, tiene m\u00e1s de un a\u00f1o y mi hijo no est\u00e1, no tengo un sost\u00e9n econ\u00f3mico, mi nieto igual (&#8230;) solamente pido justicia, no quiero m\u00e1s dinero del que creo es por la vida de mi hijo&#8221;, se\u00f1al\u00f3 la afligida v\u00edctima.<\/p>\n<p>Pese a que incluso ha intentado conciliar con la acusada para llegar a un acuerdo y ahorrarse todo lo engorroso del juicio, esto ha sido en vano pues ahora la se\u00f1ora Eufrosina ha aprovechado para revictimizarla cada que puede.<\/p>\n<p>En estas citas, la presunta homicida ha tratado de de intimidarla dici\u00e9ndole que si no acepta el dinero que le da su aseguradora, buscar\u00e1 que sea ella quien pague por los da\u00f1os con los que result\u00f3 su veh\u00edculo en el choque.<\/p>\n<p>Do\u00f1a Adelina se\u00f1al\u00f3 que la acusada fue liberada tras el cumplimiento de las 48 horas y no fue consignada ante el juez, por lo que el proceso legal ha sido todav\u00eda m\u00e1s largo y de lo cual se ha aprovechado la aseguradora para no pagar.<\/p>\n<p>Relat\u00f3 que en su momento la Fiscal la dej\u00f3 en libertad debido a que es una mujer que padece una enfermedad cr\u00f3nica, pero no pidi\u00f3 medidas cautelares m\u00e1s severas ante el tribunal y ella va por la vida como si nada mientras ella pelea por la memoria y la dignidad de Jorge Ad\u00e1n.<\/p>\n","protected":false},"excerpt":{"rendered":"<p>Alejandro \u00c1vila Veracruz, Ver.- Adelina Rosales Apolinar mujer de 60 a\u00f1os que perdiera a su hijo en 2023 tras ser atropellado en la carretera federal Veracruz &#8211; Cardel, vive un aut\u00e9ntico viacrucis ya que el Poder Judicial pr\u00e1cticamente le est\u00e1 dando la espalda. La mujer ahora debe sacar adelante a su nieto quien qued\u00f3 en [&hellip;]<\/p>\n","protected":false},"author":2476,"featured_media":62010,"comment_status":"open","ping_status":"open","sticky":false,"template":"","format":"standard","meta":{"_jetpack_memberships_contains_paid_content":false,"footnotes":""},"categories":[2],"tags":[],"class_list":["post-62009","post","type-post","status-publish","format-standard","has-post-thumbnail","hentry","category-estado"],"jetpack_featured_media_url":"https:\/\/encuentroinformativo.com.mx\/wp-content\/uploads\/2024\/12\/IMG-20241215-WA0005.jpg","jetpack_sharing_enabled":true,"jetpack_likes_enabled":true,"amp_enabled":true,"_links":{"self":[{"href":"https:\/\/encuentroinformativo.com.mx\/index.php?rest_route=\/wp\/v2\/posts\/62009","targetHints":{"allow":["GET"]}}],"collection":[{"href":"https:\/\/encuentroinformativo.com.mx\/index.php?rest_route=\/wp\/v2\/posts"}],"about":[{"href":"https:\/\/encuentroinformativo.com.mx\/index.php?rest_route=\/wp\/v2\/types\/post"}],"author":[{"embeddable":true,"href":"https:\/\/encuentroinformativo.com.mx\/index.php?rest_route=\/wp\/v2\/users\/2476"}],"replies":[{"embeddable":true,"href":"https:\/\/encuentroinformativo.com.mx\/index.php?rest_route=%2Fwp%2Fv2%2Fcomments&post=62009"}],"version-history":[{"count":2,"href":"https:\/\/encuentroinformativo.com.mx\/index.php?rest_route=\/wp\/v2\/posts\/62009\/revisions"}],"predecessor-version":[{"id":62012,"href":"https:\/\/encuentroinformativo.com.mx\/index.php?rest_route=\/wp\/v2\/posts\/62009\/revisions\/62012"}],"wp:featuredmedia":[{"embeddable":true,"href":"https:\/\/encuentroinformativo.com.mx\/index.php?rest_route=\/wp\/v2\/media\/62010"}],"wp:attachment":[{"href":"https:\/\/encuentroinformativo.com.mx\/index.php?rest_route=%2Fwp%2Fv2%2Fmedia&parent=62009"}],"wp:term":[{"taxonomy":"category","embeddable":true,"href":"https:\/\/encuentroinformativo.com.mx\/index.php?rest_route=%2Fwp%2Fv2%2Fcategories&post=62009"},{"taxonomy":"post_tag","embeddable":true,"href":"https:\/\/encuentroinformativo.com.mx\/index.php?rest_route=%2Fwp%2Fv2%2Ftags&post=62009"}],"curies":[{"name":"wp","href":"https:\/\/api.w.org\/{rel}","templated":true}]}}