{"id":62017,"date":"2024-12-16T10:05:54","date_gmt":"2024-12-16T16:05:54","guid":{"rendered":"https:\/\/encuentroinformativo.com.mx\/?p=62017"},"modified":"2024-12-16T10:05:54","modified_gmt":"2024-12-16T16:05:54","slug":"dan-ultimo-adios-a-policias-asesinados-en-san-juan-evangelista","status":"publish","type":"post","link":"https:\/\/encuentroinformativo.com.mx\/?p=62017","title":{"rendered":"Dan \u00daltimo adi\u00f3s a Polic\u00edas asesinados en San Juan Evangelista"},"content":{"rendered":"<p><strong style=\"font-size: 1rem;\">* Alcalde alza la voz para que haya justicia, atribuye asesinato a que polic\u00edas de San Juan no se venden con la delincuencia.<\/strong><\/p>\n<p>Villa Juanita, Ver.- F<span style=\"font-size: 1rem;\">amiliares, amigos y autoridades locales le dieron el \u00faltimo adi\u00f3s a los polic\u00edas municipales ca\u00eddos en cumplimiento del deber, tras el atentado del pasado viernes en la comunidad de Rancho Nuevo, municipio de San Juan Evangelista.<\/span><\/p>\n<p>El temor y el dolor no fue impedimento para que docenas de personas de San Juan Evangelista acudieran a presenciar el ultimo pase de lista de los elementos que fueron asesinados arteramente por un grupo de delincuentes que se refugian en el vecino municipio de San Juan Evangelista.<\/p>\n<p>Antes de ser llevado al camposanto de Juanita, el elemento Juan Carlos Triche Lim\u00f3n, quien era originario de esta comunidad (el otro oficial ca\u00eddo, Caled Z\u00e1rate Hern\u00e1ndez, fue trasladado a su pueblo natal en Misantla) recibi\u00f3 un homenaje por parte de compa\u00f1eros y pobladores de Villa Juanita.<\/p>\n<p>\u201cLes digo, amigos amigas, estamos trabajando de la mano de las autoridades para dar con estos canallas, sabemos que esta irreparable p\u00e9rdida ser\u00e1 muy dif\u00edcil, yo como Presidente municipal, los veo como amigos, por qu\u00e9 as\u00ed me tratan, no es una polic\u00eda corrupta, que pida para las cocas, y ese es el gran problema. Por no venderse a la mafia, por defender a su pueblo, hoy est\u00e1n en manos de Dios\u201d, dijo el alcalde de San Juan Evangelista, Justino Guill\u00e9n Lagunes.<\/p>\n<p>Debe recordarse que apenas en enero pasado, fue asesinado el ex alcalde de San Juan Evangelista Andr\u00e9s Valencia R\u00edos, quien fue el fundador de la Polic\u00eda Municipal de San Juan.<\/p>\n<p>YA HAY UN DETENIDO<\/p>\n<p>Sobre el avance de las investigaciones, la tarde del domingo trascendi\u00f3 la captura de un presunto responsable, se trata de una persona del sexo masculino quien fue sacado de una vivienda colindante con el terreno donde fueron localizadas las dos camionetas implicadas, en la cabecera de Sayula de Alem\u00e1n.<\/p>\n<p>Las unidades automotrices, al igual que la vivienda, fueron localizadas sobre la avenida Hidalgo, una de las m\u00e1s transitadas de Sayula de Alem\u00e1n.<\/p>\n<p>La casa muestra los sellos oficiales de la Fiscal\u00eda General del Estado luego de que personal de la Polic\u00eda Ministerial entr\u00f3 a la casa con una orden de cateo, en su interior encontraron a una persona del sexo masculino con diversas heridas de arma de fuego las cuales incluso y se hab\u00eda suturado \u00e9l mismo.<\/p>\n<p>Se sabe que el sujeto implicado estar\u00eda siendo presentado por la Fiscal\u00eda en pr\u00f3ximas horas, pues al ser capturado, se le encontr\u00f3 en poder de diversas cantidades de sustancias que podr\u00edan ser drogas.<\/p>\n","protected":false},"excerpt":{"rendered":"<p>* Alcalde alza la voz para que haya justicia, atribuye asesinato a que polic\u00edas de San Juan no se venden con la delincuencia. Villa Juanita, Ver.- Familiares, amigos y autoridades locales le dieron el \u00faltimo adi\u00f3s a los polic\u00edas municipales ca\u00eddos en cumplimiento del deber, tras el atentado del pasado viernes en la comunidad de [&hellip;]<\/p>\n","protected":false},"author":2476,"featured_media":62018,"comment_status":"open","ping_status":"open","sticky":false,"template":"","format":"standard","meta":{"_jetpack_memberships_contains_paid_content":false,"footnotes":""},"categories":[2],"tags":[],"class_list":["post-62017","post","type-post","status-publish","format-standard","has-post-thumbnail","hentry","category-estado"],"jetpack_featured_media_url":"https:\/\/encuentroinformativo.com.mx\/wp-content\/uploads\/2024\/12\/IMG-20241216-WA0003.jpg","jetpack_sharing_enabled":true,"jetpack_likes_enabled":true,"amp_enabled":true,"_links":{"self":[{"href":"https:\/\/encuentroinformativo.com.mx\/index.php?rest_route=\/wp\/v2\/posts\/62017","targetHints":{"allow":["GET"]}}],"collection":[{"href":"https:\/\/encuentroinformativo.com.mx\/index.php?rest_route=\/wp\/v2\/posts"}],"about":[{"href":"https:\/\/encuentroinformativo.com.mx\/index.php?rest_route=\/wp\/v2\/types\/post"}],"author":[{"embeddable":true,"href":"https:\/\/encuentroinformativo.com.mx\/index.php?rest_route=\/wp\/v2\/users\/2476"}],"replies":[{"embeddable":true,"href":"https:\/\/encuentroinformativo.com.mx\/index.php?rest_route=%2Fwp%2Fv2%2Fcomments&post=62017"}],"version-history":[{"count":1,"href":"https:\/\/encuentroinformativo.com.mx\/index.php?rest_route=\/wp\/v2\/posts\/62017\/revisions"}],"predecessor-version":[{"id":62019,"href":"https:\/\/encuentroinformativo.com.mx\/index.php?rest_route=\/wp\/v2\/posts\/62017\/revisions\/62019"}],"wp:featuredmedia":[{"embeddable":true,"href":"https:\/\/encuentroinformativo.com.mx\/index.php?rest_route=\/wp\/v2\/media\/62018"}],"wp:attachment":[{"href":"https:\/\/encuentroinformativo.com.mx\/index.php?rest_route=%2Fwp%2Fv2%2Fmedia&parent=62017"}],"wp:term":[{"taxonomy":"category","embeddable":true,"href":"https:\/\/encuentroinformativo.com.mx\/index.php?rest_route=%2Fwp%2Fv2%2Fcategories&post=62017"},{"taxonomy":"post_tag","embeddable":true,"href":"https:\/\/encuentroinformativo.com.mx\/index.php?rest_route=%2Fwp%2Fv2%2Ftags&post=62017"}],"curies":[{"name":"wp","href":"https:\/\/api.w.org\/{rel}","templated":true}]}}