{"id":62023,"date":"2024-12-16T11:20:59","date_gmt":"2024-12-16T17:20:59","guid":{"rendered":"https:\/\/encuentroinformativo.com.mx\/?p=62023"},"modified":"2024-12-16T11:20:59","modified_gmt":"2024-12-16T17:20:59","slug":"raul-zarrabal-se-pinta-de-naranja-en-boca-del-rio","status":"publish","type":"post","link":"https:\/\/encuentroinformativo.com.mx\/?p=62023","title":{"rendered":"Ra\u00fal Zarrabal se pinta de naranja en Boca del R\u00edo"},"content":{"rendered":"<p><strong><span style=\"font-size: 1rem;\">Alejandro \u00c1vila<\/span><\/strong><\/p>\n<p>Boca del R\u00edo, Ver.- Tan s\u00f3lo unos d\u00edas despu\u00e9s de haber renunciado al PRI, al empresario Ra\u00fal Zarrabal Ferat, ya lo fueron a buscar los liderazgos del partido Movimiento Ciudadano para que sea su candidato en Boca del R\u00edo en el 2025.<\/p>\n<p>Este domingo 15 de diciembre sostuvo una reuni\u00f3n en conocido caf\u00e9 del municipio de Boca del R\u00edo con el presidente estatal de Movimiento Ciudadano, Luis Carbonell; el diputado federal Sergio Gil Rull\u00e1n; y los empresarios y militantes, Kari Guzm\u00e1n y Pablo Caballero; adem\u00e1s de Agust\u00edn Torres, secretario general de MC a nivel nacional.<\/p>\n<p>La renuncia de Ra\u00fal Zarrabal al PRI se dio el pasado 9 de diciembre, donde asegur\u00f3 se va sin deber ni que le deba nada el partido; cabe mencionar que, el boque\u00f1o ostent\u00f3 diversos cargos p\u00fablicos en los gobiernos estatales del PRI en Veracruz y fue dos veces diputado local.<\/p>\n<p>El empresario boque\u00f1o ha cosechado a lo largo de los a\u00f1os un nutrido grupo pol\u00edtico con el cual ahora se presume podr\u00eda buscar la alcald\u00eda de Boca del R\u00edo en las campa\u00f1as pol\u00edticas del 2025 bajo el cobijo del partido naranja.<\/p>\n","protected":false},"excerpt":{"rendered":"<p>Alejandro \u00c1vila Boca del R\u00edo, Ver.- Tan s\u00f3lo unos d\u00edas despu\u00e9s de haber renunciado al PRI, al empresario Ra\u00fal Zarrabal Ferat, ya lo fueron a buscar los liderazgos del partido Movimiento Ciudadano para que sea su candidato en Boca del R\u00edo en el 2025. Este domingo 15 de diciembre sostuvo una reuni\u00f3n en conocido caf\u00e9 [&hellip;]<\/p>\n","protected":false},"author":2476,"featured_media":62024,"comment_status":"open","ping_status":"open","sticky":false,"template":"","format":"standard","meta":{"_jetpack_memberships_contains_paid_content":false,"footnotes":""},"categories":[2],"tags":[],"class_list":["post-62023","post","type-post","status-publish","format-standard","has-post-thumbnail","hentry","category-estado"],"jetpack_featured_media_url":"https:\/\/encuentroinformativo.com.mx\/wp-content\/uploads\/2024\/12\/IMG-20241216-WA00322.jpg","jetpack_sharing_enabled":true,"jetpack_likes_enabled":true,"amp_enabled":true,"_links":{"self":[{"href":"https:\/\/encuentroinformativo.com.mx\/index.php?rest_route=\/wp\/v2\/posts\/62023","targetHints":{"allow":["GET"]}}],"collection":[{"href":"https:\/\/encuentroinformativo.com.mx\/index.php?rest_route=\/wp\/v2\/posts"}],"about":[{"href":"https:\/\/encuentroinformativo.com.mx\/index.php?rest_route=\/wp\/v2\/types\/post"}],"author":[{"embeddable":true,"href":"https:\/\/encuentroinformativo.com.mx\/index.php?rest_route=\/wp\/v2\/users\/2476"}],"replies":[{"embeddable":true,"href":"https:\/\/encuentroinformativo.com.mx\/index.php?rest_route=%2Fwp%2Fv2%2Fcomments&post=62023"}],"version-history":[{"count":1,"href":"https:\/\/encuentroinformativo.com.mx\/index.php?rest_route=\/wp\/v2\/posts\/62023\/revisions"}],"predecessor-version":[{"id":62025,"href":"https:\/\/encuentroinformativo.com.mx\/index.php?rest_route=\/wp\/v2\/posts\/62023\/revisions\/62025"}],"wp:featuredmedia":[{"embeddable":true,"href":"https:\/\/encuentroinformativo.com.mx\/index.php?rest_route=\/wp\/v2\/media\/62024"}],"wp:attachment":[{"href":"https:\/\/encuentroinformativo.com.mx\/index.php?rest_route=%2Fwp%2Fv2%2Fmedia&parent=62023"}],"wp:term":[{"taxonomy":"category","embeddable":true,"href":"https:\/\/encuentroinformativo.com.mx\/index.php?rest_route=%2Fwp%2Fv2%2Fcategories&post=62023"},{"taxonomy":"post_tag","embeddable":true,"href":"https:\/\/encuentroinformativo.com.mx\/index.php?rest_route=%2Fwp%2Fv2%2Ftags&post=62023"}],"curies":[{"name":"wp","href":"https:\/\/api.w.org\/{rel}","templated":true}]}}