{"id":62053,"date":"2024-12-17T11:41:13","date_gmt":"2024-12-17T17:41:13","guid":{"rendered":"https:\/\/encuentroinformativo.com.mx\/?p=62053"},"modified":"2024-12-17T11:41:13","modified_gmt":"2024-12-17T17:41:13","slug":"segundo-semestre-del-2024-peor-temporada-que-pandemia-cometur","status":"publish","type":"post","link":"https:\/\/encuentroinformativo.com.mx\/?p=62053","title":{"rendered":"Segundo semestre del 2024 peor temporada que pandemia: COMETUR"},"content":{"rendered":"<p><strong style=\"font-size: 1rem;\">Alejandro \u00c1vila<\/strong><\/p>\n<p>Veracruz, Ver.- Desde la pandemia no se hab\u00eda tenido un mal segundo semestre de a\u00f1o como el de este 2024, mencion\u00f3 el presidente del Consejo Metropolitano de Turismo (COMETUR), Sergio Lois Heredia.<\/p>\n<p>&#8220;En enero se viene otra temporada baja, sin embargo, creemos que puede ser menos baja que la que acabamos de pasar en ese segundo semestre del 2024. La realidad es que estuvo bastante complicada, repito, creo que despu\u00e9s de pandemia nos vemos en una temporada baja tan baja como la que tuvimos ahorita en estos meses, ojal\u00e1 podamos estar hablando distinto el pr\u00f3ximo a\u00f1o. Si comparamos el a\u00f1o pasado con este, este a\u00f1o est\u00e1 mucho m\u00e1s bajo que el a\u00f1o pasado, porque el a\u00f1o pasado fue extraordinario por el tema que pas\u00f3 de Acapulco&#8221;, subray\u00f3.<\/p>\n<p>En ese sentido, el empresario hotelero mencion\u00f3 que los d\u00edas con mayor n\u00famero de reservas en la zona conurbada Veracruz &#8211; Boca del R\u00edo, son a partir del 20 de diciembre, y esperan que en esta ocasi\u00f3n se extienda los buenos n\u00fameros, al menos hasta la primera semana de enero.<\/p>\n<p>Sergio Lois dijo que el punto m\u00e1s alto de afluencia tur\u00edstica es del 28 de diciembre, al d\u00eda 1 de enero; y tomando en cuenta que el Nuevo A\u00f1o es a mitad de semana, algunas personas podr\u00edan extender su estad\u00eda un par de d\u00edas m\u00e1s.<\/p>\n","protected":false},"excerpt":{"rendered":"<p>Alejandro \u00c1vila Veracruz, Ver.- Desde la pandemia no se hab\u00eda tenido un mal segundo semestre de a\u00f1o como el de este 2024, mencion\u00f3 el presidente del Consejo Metropolitano de Turismo (COMETUR), Sergio Lois Heredia. &#8220;En enero se viene otra temporada baja, sin embargo, creemos que puede ser menos baja que la que acabamos de pasar [&hellip;]<\/p>\n","protected":false},"author":2476,"featured_media":62055,"comment_status":"open","ping_status":"open","sticky":false,"template":"","format":"standard","meta":{"_jetpack_memberships_contains_paid_content":false,"footnotes":""},"categories":[2],"tags":[],"class_list":["post-62053","post","type-post","status-publish","format-standard","has-post-thumbnail","hentry","category-estado"],"jetpack_featured_media_url":"https:\/\/encuentroinformativo.com.mx\/wp-content\/uploads\/2024\/12\/IMG-20241217-WA0004.jpg","jetpack_sharing_enabled":true,"jetpack_likes_enabled":true,"amp_enabled":true,"_links":{"self":[{"href":"https:\/\/encuentroinformativo.com.mx\/index.php?rest_route=\/wp\/v2\/posts\/62053","targetHints":{"allow":["GET"]}}],"collection":[{"href":"https:\/\/encuentroinformativo.com.mx\/index.php?rest_route=\/wp\/v2\/posts"}],"about":[{"href":"https:\/\/encuentroinformativo.com.mx\/index.php?rest_route=\/wp\/v2\/types\/post"}],"author":[{"embeddable":true,"href":"https:\/\/encuentroinformativo.com.mx\/index.php?rest_route=\/wp\/v2\/users\/2476"}],"replies":[{"embeddable":true,"href":"https:\/\/encuentroinformativo.com.mx\/index.php?rest_route=%2Fwp%2Fv2%2Fcomments&post=62053"}],"version-history":[{"count":1,"href":"https:\/\/encuentroinformativo.com.mx\/index.php?rest_route=\/wp\/v2\/posts\/62053\/revisions"}],"predecessor-version":[{"id":62054,"href":"https:\/\/encuentroinformativo.com.mx\/index.php?rest_route=\/wp\/v2\/posts\/62053\/revisions\/62054"}],"wp:featuredmedia":[{"embeddable":true,"href":"https:\/\/encuentroinformativo.com.mx\/index.php?rest_route=\/wp\/v2\/media\/62055"}],"wp:attachment":[{"href":"https:\/\/encuentroinformativo.com.mx\/index.php?rest_route=%2Fwp%2Fv2%2Fmedia&parent=62053"}],"wp:term":[{"taxonomy":"category","embeddable":true,"href":"https:\/\/encuentroinformativo.com.mx\/index.php?rest_route=%2Fwp%2Fv2%2Fcategories&post=62053"},{"taxonomy":"post_tag","embeddable":true,"href":"https:\/\/encuentroinformativo.com.mx\/index.php?rest_route=%2Fwp%2Fv2%2Ftags&post=62053"}],"curies":[{"name":"wp","href":"https:\/\/api.w.org\/{rel}","templated":true}]}}