{"id":62065,"date":"2024-12-17T13:17:49","date_gmt":"2024-12-17T19:17:49","guid":{"rendered":"https:\/\/encuentroinformativo.com.mx\/?p=62065"},"modified":"2024-12-17T13:17:49","modified_gmt":"2024-12-17T19:17:49","slug":"esperan-emision-de-leyes-secundarias-para-desaparecer-el-ivai","status":"publish","type":"post","link":"https:\/\/encuentroinformativo.com.mx\/?p=62065","title":{"rendered":"Esperan emisi\u00f3n de Leyes Secundarias para desaparecer el IVAI"},"content":{"rendered":"<p><strong><span style=\"font-size: 1rem;\">Dar\u00edo Pale<\/span><\/strong><\/p>\n<p>Xalapa, Ver.- Espera el Instituto Veracruzano de Acceso a la Informaci\u00f3n y Protecci\u00f3n de Datos Personales (IVAI), la emisi\u00f3n de leyes secundarias para desaparecer al \u00f3rgano garante, se garantizar\u00e1 el trabajo al 80 por ciento de los trabajadores as\u00ed lo inform\u00f3 el titular de dicha dependencia David Agust\u00edn Jim\u00e9nez Rojas.<\/p>\n<p>En entrevista el comisionado presidente del IVAI, defini\u00f3 que est\u00e1n esperando que se emitan las leyes secundarias tras la reforma constitucional por la que desaparecieron los organismos aut\u00f3nomos como el INAI, para poder proceder a la desaparici\u00f3n del \u00f3rgano garante de Veracruz.<\/p>\n<p>Hay que recordar que tras la aprobaci\u00f3n de la desaparici\u00f3n de los \u00f3rganos garantes, el Poder Legislativo tiene un plazo de 90 d\u00edas para promulgar las leyes secundarias que definan la operatividad y salvaguarda de los derechos de transparencia y protecci\u00f3n de datos personales.<\/p>\n<p>&#8220;Seguimos en espera de las leyes secundarias, todav\u00eda a nivel federal no se dan y estamos en espera de eso. Es un proceso que tiene que llevar a cabo el Senado y, posterior a eso llevar a cabo la armonizaci\u00f3n aqu\u00ed en el Congreso del Estado&#8221;, asever\u00f3.<\/p>\n<p>En ese orden de ideas, el Comisionado dijo que est\u00e1n en pl\u00e1ticas para garantizar los derechos laborales de los trabajadores del Instituto.<\/p>\n<p>Refiri\u00f3 que igual que a nivel federal, los trabajadores del INAI pasar\u00e1n a la Auditor\u00eda Superior de la Federaci\u00f3n, en Veracruz pasar\u00e1n a la Contralor\u00eda General del Estado y al OPLE.<\/p>\n<p>Recalc\u00f3 que un 80 por ciento de la plantilla laboral pasar\u00e1 a la Contralor\u00eda si se lleva a cabo la armonizaci\u00f3n de manera adecuada.<\/p>\n<p>En el caso del personal de las ponencias es el que ser\u00e1 indemnizado, enfatiz\u00f3 Jim\u00e9nez Rojas.<\/p>\n","protected":false},"excerpt":{"rendered":"<p>Dar\u00edo Pale Xalapa, Ver.- Espera el Instituto Veracruzano de Acceso a la Informaci\u00f3n y Protecci\u00f3n de Datos Personales (IVAI), la emisi\u00f3n de leyes secundarias para desaparecer al \u00f3rgano garante, se garantizar\u00e1 el trabajo al 80 por ciento de los trabajadores as\u00ed lo inform\u00f3 el titular de dicha dependencia David Agust\u00edn Jim\u00e9nez Rojas. En entrevista el [&hellip;]<\/p>\n","protected":false},"author":2476,"featured_media":62066,"comment_status":"open","ping_status":"open","sticky":false,"template":"","format":"standard","meta":{"_jetpack_memberships_contains_paid_content":false,"footnotes":""},"categories":[2],"tags":[],"class_list":["post-62065","post","type-post","status-publish","format-standard","has-post-thumbnail","hentry","category-estado"],"jetpack_featured_media_url":"https:\/\/encuentroinformativo.com.mx\/wp-content\/uploads\/2024\/12\/IMG-20241217-WA00322.jpg","jetpack_sharing_enabled":true,"jetpack_likes_enabled":true,"amp_enabled":true,"_links":{"self":[{"href":"https:\/\/encuentroinformativo.com.mx\/index.php?rest_route=\/wp\/v2\/posts\/62065","targetHints":{"allow":["GET"]}}],"collection":[{"href":"https:\/\/encuentroinformativo.com.mx\/index.php?rest_route=\/wp\/v2\/posts"}],"about":[{"href":"https:\/\/encuentroinformativo.com.mx\/index.php?rest_route=\/wp\/v2\/types\/post"}],"author":[{"embeddable":true,"href":"https:\/\/encuentroinformativo.com.mx\/index.php?rest_route=\/wp\/v2\/users\/2476"}],"replies":[{"embeddable":true,"href":"https:\/\/encuentroinformativo.com.mx\/index.php?rest_route=%2Fwp%2Fv2%2Fcomments&post=62065"}],"version-history":[{"count":1,"href":"https:\/\/encuentroinformativo.com.mx\/index.php?rest_route=\/wp\/v2\/posts\/62065\/revisions"}],"predecessor-version":[{"id":62067,"href":"https:\/\/encuentroinformativo.com.mx\/index.php?rest_route=\/wp\/v2\/posts\/62065\/revisions\/62067"}],"wp:featuredmedia":[{"embeddable":true,"href":"https:\/\/encuentroinformativo.com.mx\/index.php?rest_route=\/wp\/v2\/media\/62066"}],"wp:attachment":[{"href":"https:\/\/encuentroinformativo.com.mx\/index.php?rest_route=%2Fwp%2Fv2%2Fmedia&parent=62065"}],"wp:term":[{"taxonomy":"category","embeddable":true,"href":"https:\/\/encuentroinformativo.com.mx\/index.php?rest_route=%2Fwp%2Fv2%2Fcategories&post=62065"},{"taxonomy":"post_tag","embeddable":true,"href":"https:\/\/encuentroinformativo.com.mx\/index.php?rest_route=%2Fwp%2Fv2%2Ftags&post=62065"}],"curies":[{"name":"wp","href":"https:\/\/api.w.org\/{rel}","templated":true}]}}