{"id":62071,"date":"2024-12-17T15:27:34","date_gmt":"2024-12-17T21:27:34","guid":{"rendered":"https:\/\/encuentroinformativo.com.mx\/?p=62071"},"modified":"2024-12-17T15:27:34","modified_gmt":"2024-12-17T21:27:34","slug":"alista-sedarpa-pagos-por-seguro-catastrofico","status":"publish","type":"post","link":"https:\/\/encuentroinformativo.com.mx\/?p=62071","title":{"rendered":"Alista SEDARPA pagos por Seguro Catastr\u00f3fico"},"content":{"rendered":"<p><strong>Dar\u00edo Pale\u00a0<\/strong><\/p>\n<p>Xalapa, Ver.-<span style=\"font-size: 1rem;\">Rechaza que en Veracruz el cultivo del aguacate tenga alg\u00fan nexo con la delincuencia organizada como lo advirti\u00f3 el exsecretario, Evaristo Ovando, durante su comparecencia en semanas pasadas, as\u00ed lo inform\u00f3 el titular de la Sedarpa Rodrigo Calder\u00f3n Salas.<\/span><\/p>\n<div dir=\"auto\"><\/div>\n<div dir=\"auto\">En entrevista se le cuestion\u00f3 sobre lo que dijo el ex titular de la dependencia, al sugerir que no es bueno apostarle a dicho cultivo porque se liga a grupos criminales, a lo cual respondi\u00f3 &#8220;para nada&#8221;.<\/div>\n<div dir=\"auto\"><\/div>\n<div dir=\"auto\">&#8220;El aguacate es siempre parte de los productores y tenemos que ver por ellos tambi\u00e9n. S\u00ed el aguacate no es por la relaci\u00f3n que \u00e9l dice, aqu\u00ed el aguacate no lo apoyamos como debe de ser porque es un producto que requiere mucha agua&#8221;, se\u00f1al\u00f3.<\/div>\n<div dir=\"auto\"><\/div>\n<div dir=\"auto\">El funcionario estatal manifest\u00f3 que para sembrar aguacate se deforestan las zonas y ante el exceso de agua que se requiere para su cultivo, se afectan los mantos acu\u00edferos.<\/div>\n<div dir=\"auto\"><\/div>\n<div dir=\"auto\">En otro tema, adelant\u00f3 que en las pr\u00f3ximas semanas se pagar\u00e1 lo correspondiente al Seguro Catastr\u00f3fico a productores por alrededor de 4.5 millones de pesos.<\/div>\n<div dir=\"auto\"><\/div>\n<div dir=\"auto\">&#8220;Hay ahorita el pago para las pr\u00f3ximas semanas la entrega de unos pagos que ya los productores saben&#8221;, expuso.<\/div>\n<div dir=\"auto\"><\/div>\n<div dir=\"auto\">Dijo que todav\u00eda est\u00e1n analizando a cu\u00e1ntos productores se les pagar\u00e1 por diversos siniestros meteorol\u00f3gicos.<\/div>\n<div dir=\"auto\"><\/div>\n<div dir=\"auto\">Respecto de la importaci\u00f3n de naranjas de otros pa\u00edses como Honduras, por la grave sequ\u00eda, descart\u00f3 que en este momento haya desabasto.<\/div>\n<div dir=\"auto\"><\/div>\n<div dir=\"auto\">&#8220;Normalmente hay naranja en M\u00e9xico, es la temporada que ya hay, no tiene por qu\u00e9 haber importaci\u00f3n&#8221;, sostuvo.<\/div>\n<div dir=\"auto\"><\/div>\n<div dir=\"auto\">Acept\u00f3 que debido a la sequ\u00eda de meses pasados hubo una disminuci\u00f3n de la producci\u00f3n a nivel nacional, pero ya se recuper\u00f3.<\/div>\n<div dir=\"auto\"><\/div>\n<div dir=\"auto\">&#8220;En este momento no hay sequ\u00eda, ya la hubo en mayo, abril y junio, por el momento ya no hay, hubo much\u00edsimas lluvias en julio y no ha parado de llover, tenemos producci\u00f3n para el siguiente a\u00f1o&#8221;, asegur\u00f3.<\/div>\n<div dir=\"auto\"><\/div>\n<div dir=\"auto\">Finalmente respecto a la variaci\u00f3n y disminuci\u00f3n del precio del lim\u00f3n en Veracruz provocada por la sequ\u00eda y las constantes lluvias de este a\u00f1o podr\u00eda estabilizarse\u00a0 en estas fechas, asegur\u00f3.<\/div>\n<div dir=\"auto\"><\/div>\n","protected":false},"excerpt":{"rendered":"<p>Dar\u00edo Pale\u00a0 Xalapa, Ver.-Rechaza que en Veracruz el cultivo del aguacate tenga alg\u00fan nexo con la delincuencia organizada como lo advirti\u00f3 el exsecretario, Evaristo Ovando, durante su comparecencia en semanas pasadas, as\u00ed lo inform\u00f3 el titular de la Sedarpa Rodrigo Calder\u00f3n Salas. En entrevista se le cuestion\u00f3 sobre lo que dijo el ex titular de [&hellip;]<\/p>\n","protected":false},"author":2476,"featured_media":62072,"comment_status":"open","ping_status":"open","sticky":false,"template":"","format":"standard","meta":{"_jetpack_memberships_contains_paid_content":false,"footnotes":""},"categories":[2],"tags":[],"class_list":["post-62071","post","type-post","status-publish","format-standard","has-post-thumbnail","hentry","category-estado"],"jetpack_featured_media_url":"https:\/\/encuentroinformativo.com.mx\/wp-content\/uploads\/2024\/12\/IMG-20241217-WA0053.jpg","jetpack_sharing_enabled":true,"jetpack_likes_enabled":true,"amp_enabled":true,"_links":{"self":[{"href":"https:\/\/encuentroinformativo.com.mx\/index.php?rest_route=\/wp\/v2\/posts\/62071","targetHints":{"allow":["GET"]}}],"collection":[{"href":"https:\/\/encuentroinformativo.com.mx\/index.php?rest_route=\/wp\/v2\/posts"}],"about":[{"href":"https:\/\/encuentroinformativo.com.mx\/index.php?rest_route=\/wp\/v2\/types\/post"}],"author":[{"embeddable":true,"href":"https:\/\/encuentroinformativo.com.mx\/index.php?rest_route=\/wp\/v2\/users\/2476"}],"replies":[{"embeddable":true,"href":"https:\/\/encuentroinformativo.com.mx\/index.php?rest_route=%2Fwp%2Fv2%2Fcomments&post=62071"}],"version-history":[{"count":1,"href":"https:\/\/encuentroinformativo.com.mx\/index.php?rest_route=\/wp\/v2\/posts\/62071\/revisions"}],"predecessor-version":[{"id":62073,"href":"https:\/\/encuentroinformativo.com.mx\/index.php?rest_route=\/wp\/v2\/posts\/62071\/revisions\/62073"}],"wp:featuredmedia":[{"embeddable":true,"href":"https:\/\/encuentroinformativo.com.mx\/index.php?rest_route=\/wp\/v2\/media\/62072"}],"wp:attachment":[{"href":"https:\/\/encuentroinformativo.com.mx\/index.php?rest_route=%2Fwp%2Fv2%2Fmedia&parent=62071"}],"wp:term":[{"taxonomy":"category","embeddable":true,"href":"https:\/\/encuentroinformativo.com.mx\/index.php?rest_route=%2Fwp%2Fv2%2Fcategories&post=62071"},{"taxonomy":"post_tag","embeddable":true,"href":"https:\/\/encuentroinformativo.com.mx\/index.php?rest_route=%2Fwp%2Fv2%2Ftags&post=62071"}],"curies":[{"name":"wp","href":"https:\/\/api.w.org\/{rel}","templated":true}]}}