{"id":62084,"date":"2024-12-18T09:23:16","date_gmt":"2024-12-18T15:23:16","guid":{"rendered":"https:\/\/encuentroinformativo.com.mx\/?p=62084"},"modified":"2024-12-18T09:23:16","modified_gmt":"2024-12-18T15:23:16","slug":"quien-manda-en-veracruz","status":"publish","type":"post","link":"https:\/\/encuentroinformativo.com.mx\/?p=62084","title":{"rendered":"QUI\u00c9N MANDA EN VERACRUZ"},"content":{"rendered":"<div id=\"m#msg-f:1818786944147740049\" class=\"mail-message expanded\">\n<div id=\"m#msg-f:1818786944147740049-content\" class=\"mail-message-content collapsible zoom-normal   mail-images-rewrite\">\n<div class=\"clear\">\n<div dir=\"ltr\">\n<div class=\"gmail_signature\" dir=\"ltr\" data-smartmail=\"gmail_signature\">\n<div dir=\"ltr\">\n<div dir=\"ltr\">\n<p dir=\"ltr\"><strong>Los Pol\u00edticos<\/strong><\/p>\n<p dir=\"ltr\"><strong>Salvador Mu\u00f1oz<\/strong><\/p>\n<p dir=\"ltr\">Hace casi seis a\u00f1os, un activo de Morena me cuestionaba el porqu\u00e9 las cr\u00edticas se concentraban en ellos y no en la Oposici\u00f3n.<\/p>\n<p dir=\"ltr\">La respuesta fue: tienen la presidencia, el Congreso de la Uni\u00f3n, el Gobierno del Estado, el Congreso local y para rematar, la capital de Veracruz\u2026 en conclusi\u00f3n: los sujetos de la cr\u00edtica eran los que estaban en el poder.<\/p>\n<p dir=\"ltr\">Seis a\u00f1os despu\u00e9s, los sujetos a la cr\u00edtica siguen siendo los mismos s\u00f3lo que con una diferencia: si antes hab\u00eda oposici\u00f3n, hoy ya casi no hay oposici\u00f3n.<\/p>\n<p dir=\"ltr\">De cierto modo, pudiera convertirse en un paseo por las nubes los seis a\u00f1os de Gobierno de Claudia Sheinbaum y los de Roc\u00edo Nahle porque van de la mano con los poderes legislativos a su favor y a nada, de tener el judicial federal de su lado\u2026 salvo por un ligero detalle: la condici\u00f3n humana.<\/p>\n<p dir=\"ltr\">M\u00e1s all\u00e1 de cualquier ideolog\u00eda, este factor en cualquier sujeto, sea pol\u00edtico o no, partidista o no, est\u00e1 latente todos los d\u00edas, en cualquier paso que se d\u00e9, cual si fuera una bomba de tiempo para activar el celo, la envidia, el ego\u00edsmo\u2026 el S\u00edndrome de Gollum, pues! Todo Poder tiende a corromper\u2026 y el poder absoluto corrompe absolutamente\u2026 y Morena est\u00e1 pagando las consecuencias de haber eliminado a su N\u00e9mesis\u2026<\/p>\n<p dir=\"ltr\">La \u00fanica raz\u00f3n que manten\u00eda unido a Morena no era el llegar al Poder en s\u00ed, sino vencer a la Oposici\u00f3n\u2026<\/p>\n<p dir=\"ltr\">Sin embargo, en su af\u00e1n de vencerla, est\u00e1n a punto de desaparecerla\u2026 al menos en Veracruz, en los distritos locales tanto como federales, la hicieron papilla\u2026<\/p>\n<p dir=\"ltr\">A nivel nacional, es m\u00e1s que claro c\u00f3mo ha permeado en la mayor\u00eda de los estados\u2026<\/p>\n<p dir=\"ltr\">Y si bien, Claudia Sheinbaum al parecer ya dio muestras de que quien manda es ella, falta ver en Veracruz no el exhorto, sino la acci\u00f3n de Roc\u00edo Nahle con los beligerantes que tiene Morena en estos momentos, no s\u00f3lo en el Congreso, no s\u00f3lo en las cabeceras municipales, sino tambi\u00e9n en los que se fueron y siguen grillando desde afuera\u2026<\/p>\n<p dir=\"ltr\">Es buen momento para hacerlo\u2026 cerrar estos cap\u00edtulos antes de las vacaciones decembrinas y dejar que la Paz y la Armon\u00eda navide\u00f1as hagan su chamba en el colectivo, tanto partidista como ciudadano\u2026<\/p>\n<p dir=\"ltr\">Con tanto poder, los morenos no est\u00e1n exentos de caer en tentaciones (aunque en algunos casos, verbi gracia: cuitlahuistas, ya cayeron) y que no s\u00f3lo se corrompa su mente, sino tambi\u00e9n al nuevo r\u00e9gimen que inicia\u2026<\/p>\n<p dir=\"ltr\">Sheinbaum al parecer, ya acort\u00f3 la correa del Poder Legislativo\u2026 falta ver, en los d\u00edas por venir, si Nahle nos expone qui\u00e9n es la que manda en Veracruz para que le bajen a su desmadre, que en nada ayuda, poco aporta y mucho desgasta.<\/p>\n<\/div>\n<\/div>\n<\/div>\n<\/div>\n<\/div>\n<\/div>\n<div class=\"mail-message-footer spacer collapsible\"><\/div>\n<\/div>\n<div id=\"m#msg-f:1818786948166840045\" class=\"mail-message expanded\"><\/div>\n","protected":false},"excerpt":{"rendered":"<p>Los Pol\u00edticos Salvador Mu\u00f1oz Hace casi seis a\u00f1os, un activo de Morena me cuestionaba el porqu\u00e9 las cr\u00edticas se concentraban en ellos y no en la Oposici\u00f3n. La respuesta fue: tienen la presidencia, el Congreso de la Uni\u00f3n, el Gobierno del Estado, el Congreso local y para rematar, la capital de Veracruz\u2026 en conclusi\u00f3n: los [&hellip;]<\/p>\n","protected":false},"author":2476,"featured_media":387,"comment_status":"open","ping_status":"open","sticky":false,"template":"","format":"standard","meta":{"_jetpack_memberships_contains_paid_content":false,"footnotes":""},"categories":[11],"tags":[],"class_list":["post-62084","post","type-post","status-publish","format-standard","has-post-thumbnail","hentry","category-opinion"],"jetpack_featured_media_url":"https:\/\/encuentroinformativo.com.mx\/wp-content\/uploads\/2020\/03\/7CF8A22B-2764-47BE-8F7F-38FE9E5D6A2F.jpeg","jetpack_sharing_enabled":true,"jetpack_likes_enabled":true,"amp_enabled":true,"_links":{"self":[{"href":"https:\/\/encuentroinformativo.com.mx\/index.php?rest_route=\/wp\/v2\/posts\/62084","targetHints":{"allow":["GET"]}}],"collection":[{"href":"https:\/\/encuentroinformativo.com.mx\/index.php?rest_route=\/wp\/v2\/posts"}],"about":[{"href":"https:\/\/encuentroinformativo.com.mx\/index.php?rest_route=\/wp\/v2\/types\/post"}],"author":[{"embeddable":true,"href":"https:\/\/encuentroinformativo.com.mx\/index.php?rest_route=\/wp\/v2\/users\/2476"}],"replies":[{"embeddable":true,"href":"https:\/\/encuentroinformativo.com.mx\/index.php?rest_route=%2Fwp%2Fv2%2Fcomments&post=62084"}],"version-history":[{"count":1,"href":"https:\/\/encuentroinformativo.com.mx\/index.php?rest_route=\/wp\/v2\/posts\/62084\/revisions"}],"predecessor-version":[{"id":62085,"href":"https:\/\/encuentroinformativo.com.mx\/index.php?rest_route=\/wp\/v2\/posts\/62084\/revisions\/62085"}],"wp:featuredmedia":[{"embeddable":true,"href":"https:\/\/encuentroinformativo.com.mx\/index.php?rest_route=\/wp\/v2\/media\/387"}],"wp:attachment":[{"href":"https:\/\/encuentroinformativo.com.mx\/index.php?rest_route=%2Fwp%2Fv2%2Fmedia&parent=62084"}],"wp:term":[{"taxonomy":"category","embeddable":true,"href":"https:\/\/encuentroinformativo.com.mx\/index.php?rest_route=%2Fwp%2Fv2%2Fcategories&post=62084"},{"taxonomy":"post_tag","embeddable":true,"href":"https:\/\/encuentroinformativo.com.mx\/index.php?rest_route=%2Fwp%2Fv2%2Ftags&post=62084"}],"curies":[{"name":"wp","href":"https:\/\/api.w.org\/{rel}","templated":true}]}}