{"id":62086,"date":"2024-12-18T12:00:02","date_gmt":"2024-12-18T18:00:02","guid":{"rendered":"https:\/\/encuentroinformativo.com.mx\/?p=62086"},"modified":"2024-12-18T12:00:02","modified_gmt":"2024-12-18T18:00:02","slug":"tito-double-p-realiza-impactante-noche-de-corridos-tumbados-en-veracruz","status":"publish","type":"post","link":"https:\/\/encuentroinformativo.com.mx\/?p=62086","title":{"rendered":"Tito Double P realiza impactante noche de corridos tumbados en Veracruz"},"content":{"rendered":"<p><strong><span style=\"font-size: 1rem;\">Alejandro \u00c1vila<\/span><\/strong><\/p>\n<p>Veracruz, Ver.- Uno de los m\u00e1ximos exponente del momento de los Corridos Tumbados, Tito Double P, ofreci\u00f3 tremendo concierto la noche de este lunes en el auditorio Benito Ju\u00e1rez.<\/p>\n<p>Luego de la presentaci\u00f3n de los teloneros Mau Carl\u00edn y la Doble C; Porte Xclusivo y Grupo 7\/11, Tito Double P arrib\u00f3 al escenario en medio de un alud de aplausos y pirotecnia para deleitar a su p\u00fablico con sus \u00e9xitos que lo han colocado en el gusto de fans y seguidores.<\/p>\n<p>\u201cJGL\u201d, \u201cAy Mam\u00e1\u201d, \u201cDos d\u00edas\u201d, \u201cEl lokeron\u201d, \u201cNadie\u201d, \u201cBlanca, Rosita y Mar\u00eda\u201d, \u201cPresidente\u201d y muchas canciones m\u00e1s fueron parte de su repertorio que el p\u00fablico veracruzano disfrut\u00f3 bailando y cantando; tambi\u00e9n llev\u00f3 su \u201cdembow tumbado\u201d, siendo sin duda, los temas La People I y II los m\u00e1s entonados por los asistentes.<\/p>\n<p>Recordemos que Tito Double P regres\u00f3 a Veracruz luego de su exitosa presentaci\u00f3n en el Coca Cola Flow Fest 2024 y su Tour #INC\u00d3MODO, para ofrecer una gran noche de corridos tumbados en el auditorio Benito Ju\u00e1rez.<\/p>\n","protected":false},"excerpt":{"rendered":"<p>Alejandro \u00c1vila Veracruz, Ver.- Uno de los m\u00e1ximos exponente del momento de los Corridos Tumbados, Tito Double P, ofreci\u00f3 tremendo concierto la noche de este lunes en el auditorio Benito Ju\u00e1rez. Luego de la presentaci\u00f3n de los teloneros Mau Carl\u00edn y la Doble C; Porte Xclusivo y Grupo 7\/11, Tito Double P arrib\u00f3 al escenario [&hellip;]<\/p>\n","protected":false},"author":2476,"featured_media":62087,"comment_status":"open","ping_status":"open","sticky":false,"template":"","format":"standard","meta":{"_jetpack_memberships_contains_paid_content":false,"footnotes":""},"categories":[2],"tags":[],"class_list":["post-62086","post","type-post","status-publish","format-standard","has-post-thumbnail","hentry","category-estado"],"jetpack_featured_media_url":"https:\/\/encuentroinformativo.com.mx\/wp-content\/uploads\/2024\/12\/IMG-20241218-WA0011.jpg","jetpack_sharing_enabled":true,"jetpack_likes_enabled":true,"amp_enabled":true,"_links":{"self":[{"href":"https:\/\/encuentroinformativo.com.mx\/index.php?rest_route=\/wp\/v2\/posts\/62086","targetHints":{"allow":["GET"]}}],"collection":[{"href":"https:\/\/encuentroinformativo.com.mx\/index.php?rest_route=\/wp\/v2\/posts"}],"about":[{"href":"https:\/\/encuentroinformativo.com.mx\/index.php?rest_route=\/wp\/v2\/types\/post"}],"author":[{"embeddable":true,"href":"https:\/\/encuentroinformativo.com.mx\/index.php?rest_route=\/wp\/v2\/users\/2476"}],"replies":[{"embeddable":true,"href":"https:\/\/encuentroinformativo.com.mx\/index.php?rest_route=%2Fwp%2Fv2%2Fcomments&post=62086"}],"version-history":[{"count":1,"href":"https:\/\/encuentroinformativo.com.mx\/index.php?rest_route=\/wp\/v2\/posts\/62086\/revisions"}],"predecessor-version":[{"id":62088,"href":"https:\/\/encuentroinformativo.com.mx\/index.php?rest_route=\/wp\/v2\/posts\/62086\/revisions\/62088"}],"wp:featuredmedia":[{"embeddable":true,"href":"https:\/\/encuentroinformativo.com.mx\/index.php?rest_route=\/wp\/v2\/media\/62087"}],"wp:attachment":[{"href":"https:\/\/encuentroinformativo.com.mx\/index.php?rest_route=%2Fwp%2Fv2%2Fmedia&parent=62086"}],"wp:term":[{"taxonomy":"category","embeddable":true,"href":"https:\/\/encuentroinformativo.com.mx\/index.php?rest_route=%2Fwp%2Fv2%2Fcategories&post=62086"},{"taxonomy":"post_tag","embeddable":true,"href":"https:\/\/encuentroinformativo.com.mx\/index.php?rest_route=%2Fwp%2Fv2%2Ftags&post=62086"}],"curies":[{"name":"wp","href":"https:\/\/api.w.org\/{rel}","templated":true}]}}