{"id":62092,"date":"2024-12-18T12:37:14","date_gmt":"2024-12-18T18:37:14","guid":{"rendered":"https:\/\/encuentroinformativo.com.mx\/?p=62092"},"modified":"2024-12-18T12:37:14","modified_gmt":"2024-12-18T18:37:14","slug":"el-aumento-salarial-generara-mayor-inflacion-empresarios","status":"publish","type":"post","link":"https:\/\/encuentroinformativo.com.mx\/?p=62092","title":{"rendered":"El Aumento salarial generar\u00e1 mayor inflaci\u00f3n: Empresarios"},"content":{"rendered":"<p><strong><span style=\"font-size: 1rem;\">Dar\u00edo Pale<\/span><\/strong><\/p>\n<p>Xalapa, Ver.- El incremento salarial del 12.5 por ciento que se implementar\u00e1 en enero del 2025 podr\u00eda traer m\u00e1s inflaci\u00f3n, aumento a los precios de varios productos y podr\u00eda generar que disminuya el consumo, as\u00ed lo dio a conocer el presidente del Consejo Empresarial Metropolitano de Xalapa (CEMX), Fernando Arana Watty.<\/p>\n<p>En entrevista se\u00f1al\u00f3 que el aumento al salario m\u00ednimo del 12.5 por ciento que a partir de enero del 2025 implementar\u00e1 el Gobierno Federal de Claudia Sheinbaum podr\u00eda traer m\u00e1s inflaci\u00f3n, aumento de los precios de varios productos, lo que perjudicar\u00e1 a los empresarios, ya que podr\u00eda generar que disminuya el consumo.<\/p>\n<p>&#8220;Todo se va a encarecer yo creo, es un tema como cuando, por ejemplo, se aumenta la parte de la producci\u00f3n, la mano de obra es una parte del costo y hay que meterla directamente al costo del producto final&#8221;, se\u00f1al\u00f3.<\/p>\n<p>Adem\u00e1s aumentar\u00eda el costo por pago de cuotas obrero patronales al Instituto M\u00e9xico del Seguro Social, lo que &#8220;podr\u00eda ahorcar a muchos empresarios porque no va a dar el costo del producto. Habr\u00e1 que subirlo y si el mercado no los consume, podr\u00e1n acabar cerrando su producci\u00f3n&#8221;.<\/p>\n<p>De tal forma el aumento salarial que s\u00f3lo beneficiar\u00e1 a un sector de trabajadores ser\u00e1 complejo, pues por experiencia de a\u00f1os anteriores, el aumento al salario m\u00ednimo sube el costo de los productos b\u00e1sicos, lo que genera inflaci\u00f3n y aunque se tenga m\u00e1s dinero, alcanza para lo mismo o para menos.<\/p>\n<p>&#8220;Los productos se encarecen porque la mano de obra se encarece, por lo tanto eso trae que se encarezca el producto y alcance para menos y eso es un c\u00edrculo, yo creo un poco vicioso&#8221;, coment\u00f3.<\/p>\n<p>Por lo que ante esto, el empresario dijo que se deber\u00eda aumentar la productividad de las empresas para que se pueda &#8220;hacer m\u00e1s con menos&#8221; para lograr una producci\u00f3n rentable y se mantengan estables los precios.<\/p>\n","protected":false},"excerpt":{"rendered":"<p>Dar\u00edo Pale Xalapa, Ver.- El incremento salarial del 12.5 por ciento que se implementar\u00e1 en enero del 2025 podr\u00eda traer m\u00e1s inflaci\u00f3n, aumento a los precios de varios productos y podr\u00eda generar que disminuya el consumo, as\u00ed lo dio a conocer el presidente del Consejo Empresarial Metropolitano de Xalapa (CEMX), Fernando Arana Watty. En entrevista [&hellip;]<\/p>\n","protected":false},"author":2476,"featured_media":62093,"comment_status":"open","ping_status":"open","sticky":false,"template":"","format":"standard","meta":{"_jetpack_memberships_contains_paid_content":false,"footnotes":""},"categories":[3],"tags":[],"class_list":["post-62092","post","type-post","status-publish","format-standard","has-post-thumbnail","hentry","category-xalapa"],"jetpack_featured_media_url":"https:\/\/encuentroinformativo.com.mx\/wp-content\/uploads\/2024\/12\/IMG-20241218-WA0024.jpg","jetpack_sharing_enabled":true,"jetpack_likes_enabled":true,"amp_enabled":true,"_links":{"self":[{"href":"https:\/\/encuentroinformativo.com.mx\/index.php?rest_route=\/wp\/v2\/posts\/62092","targetHints":{"allow":["GET"]}}],"collection":[{"href":"https:\/\/encuentroinformativo.com.mx\/index.php?rest_route=\/wp\/v2\/posts"}],"about":[{"href":"https:\/\/encuentroinformativo.com.mx\/index.php?rest_route=\/wp\/v2\/types\/post"}],"author":[{"embeddable":true,"href":"https:\/\/encuentroinformativo.com.mx\/index.php?rest_route=\/wp\/v2\/users\/2476"}],"replies":[{"embeddable":true,"href":"https:\/\/encuentroinformativo.com.mx\/index.php?rest_route=%2Fwp%2Fv2%2Fcomments&post=62092"}],"version-history":[{"count":1,"href":"https:\/\/encuentroinformativo.com.mx\/index.php?rest_route=\/wp\/v2\/posts\/62092\/revisions"}],"predecessor-version":[{"id":62094,"href":"https:\/\/encuentroinformativo.com.mx\/index.php?rest_route=\/wp\/v2\/posts\/62092\/revisions\/62094"}],"wp:featuredmedia":[{"embeddable":true,"href":"https:\/\/encuentroinformativo.com.mx\/index.php?rest_route=\/wp\/v2\/media\/62093"}],"wp:attachment":[{"href":"https:\/\/encuentroinformativo.com.mx\/index.php?rest_route=%2Fwp%2Fv2%2Fmedia&parent=62092"}],"wp:term":[{"taxonomy":"category","embeddable":true,"href":"https:\/\/encuentroinformativo.com.mx\/index.php?rest_route=%2Fwp%2Fv2%2Fcategories&post=62092"},{"taxonomy":"post_tag","embeddable":true,"href":"https:\/\/encuentroinformativo.com.mx\/index.php?rest_route=%2Fwp%2Fv2%2Ftags&post=62092"}],"curies":[{"name":"wp","href":"https:\/\/api.w.org\/{rel}","templated":true}]}}