{"id":62105,"date":"2024-12-18T22:02:34","date_gmt":"2024-12-19T04:02:34","guid":{"rendered":"https:\/\/encuentroinformativo.com.mx\/?p=62105"},"modified":"2024-12-18T22:02:34","modified_gmt":"2024-12-19T04:02:34","slug":"recibe-congreso-de-veracruz-informes-de-labores-del-orfis-y-trijaev","status":"publish","type":"post","link":"https:\/\/encuentroinformativo.com.mx\/?p=62105","title":{"rendered":"Recibe Congreso de Veracruz informes de labores del Orfis y Trijaev"},"content":{"rendered":"<ul style=\"font-weight: 400;\">\n<li><strong>Da cumplimiento a lo dispuesto en el p\u00e1rrafo segundo del Art\u00edculo 67 de la Constituci\u00f3n Pol\u00edtica del estado en materia de transparencia y rendici\u00f3n de cuentas.<\/strong><\/li>\n<\/ul>\n<p style=\"font-weight: 400;\">Xalapa, Ver.- Este Congreso, por conducto de la presidenta de la Mesa Directiva, diputada Tanya Carola Viveros Ch\u00e1zaro, recibi\u00f3 los informes de labores del \u00d3rgano de Fiscalizaci\u00f3n Superior del Estado de Veracruz (Orfis) y del Tribunal Estatal de Justicia Administrativa (Trijaev), dando cumplimiento a lo dispuesto en el p\u00e1rrafo segundo del Art\u00edculo 67 de la Constituci\u00f3n Pol\u00edtica del estado.<\/p>\n<p style=\"font-weight: 400;\">En la oficina de la presidencia, la diputada recibi\u00f3 a la titular del Orfis, Delia Gonz\u00e1lez Cobos, quien dio cuenta del organismo a su cargo y, como lo establece la legislaci\u00f3n vigente, comparecer\u00e1 ante esta Soberan\u00eda en la segunda quincena de enero pr\u00f3ximo, con la finalidad de ampliar la informaci\u00f3n a las diputadas y los diputados.<\/p>\n<p style=\"font-weight: 400;\">Posteriormente, la legisladora realiz\u00f3 lo conducente con la magistrada presidenta del Trijaev, Leticia Aguilar Jim\u00e9nez, de acuerdo con la disposici\u00f3n constitucional de informar a la representaci\u00f3n popular sobre las principales acciones realizadas durante el a\u00f1o.<\/p>\n<p style=\"font-weight: 400;\">El p\u00e1rrafo segundo del Art\u00edculo 67 de la Carta Magna estatal establece que \u201cpara efectos de que los Organismos Aut\u00f3nomos del Estado rindan cuentas sobre el estado que guarda su gesti\u00f3n, deber\u00e1n presentar anualmente un informe de actividades a los Poderes Legislativo y Ejecutivo dentro de los primeros quince d\u00edas del mes de diciembre, y sus titulares comparecer ante el Poder Legislativo en sesi\u00f3n p\u00fablica en la \u00faltima quincena del mes de enero, conforme al formato que establezca la Ley Org\u00e1nica del Poder Legislativo y su respectivo reglamento.<\/p>\n<p style=\"font-weight: 400;\">\u201cEl Tribunal Estatal de Justicia Administrativa s\u00f3lo estar\u00e1 obligado a presentar el informe de actividades\u201d.<\/p>\n<p><img loading=\"lazy\" decoding=\"async\" class=\"alignnone size-medium wp-image-62106\" src=\"https:\/\/encuentroinformativo.com.mx\/wp-content\/uploads\/2024\/12\/NOV18DIC2024ORFIS-TRIJAEV1-300x200.jpeg\" alt=\"\" width=\"300\" height=\"200\" srcset=\"https:\/\/encuentroinformativo.com.mx\/wp-content\/uploads\/2024\/12\/NOV18DIC2024ORFIS-TRIJAEV1-300x200.jpeg 300w, https:\/\/encuentroinformativo.com.mx\/wp-content\/uploads\/2024\/12\/NOV18DIC2024ORFIS-TRIJAEV1-1024x684.jpeg 1024w, https:\/\/encuentroinformativo.com.mx\/wp-content\/uploads\/2024\/12\/NOV18DIC2024ORFIS-TRIJAEV1-768x513.jpeg 768w, https:\/\/encuentroinformativo.com.mx\/wp-content\/uploads\/2024\/12\/NOV18DIC2024ORFIS-TRIJAEV1-1536x1025.jpeg 1536w, https:\/\/encuentroinformativo.com.mx\/wp-content\/uploads\/2024\/12\/NOV18DIC2024ORFIS-TRIJAEV1.jpeg 1600w\" sizes=\"auto, (max-width: 300px) 100vw, 300px\" \/><\/p>\n<p style=\"font-weight: 400;\">\n<p style=\"font-weight: 400;\">\n","protected":false},"excerpt":{"rendered":"<p>Da cumplimiento a lo dispuesto en el p\u00e1rrafo segundo del Art\u00edculo 67 de la Constituci\u00f3n Pol\u00edtica del estado en materia de transparencia y rendici\u00f3n de cuentas. Xalapa, Ver.- Este Congreso, por conducto de la presidenta de la Mesa Directiva, diputada Tanya Carola Viveros Ch\u00e1zaro, recibi\u00f3 los informes de labores del \u00d3rgano de Fiscalizaci\u00f3n Superior del [&hellip;]<\/p>\n","protected":false},"author":2476,"featured_media":62107,"comment_status":"open","ping_status":"open","sticky":false,"template":"","format":"standard","meta":{"_jetpack_memberships_contains_paid_content":false,"footnotes":""},"categories":[2],"tags":[],"class_list":["post-62105","post","type-post","status-publish","format-standard","has-post-thumbnail","hentry","category-estado"],"jetpack_featured_media_url":"https:\/\/encuentroinformativo.com.mx\/wp-content\/uploads\/2024\/12\/NOV18DIC2024ORFIS-TRIJAEV2.jpeg","jetpack_sharing_enabled":true,"jetpack_likes_enabled":true,"amp_enabled":true,"_links":{"self":[{"href":"https:\/\/encuentroinformativo.com.mx\/index.php?rest_route=\/wp\/v2\/posts\/62105","targetHints":{"allow":["GET"]}}],"collection":[{"href":"https:\/\/encuentroinformativo.com.mx\/index.php?rest_route=\/wp\/v2\/posts"}],"about":[{"href":"https:\/\/encuentroinformativo.com.mx\/index.php?rest_route=\/wp\/v2\/types\/post"}],"author":[{"embeddable":true,"href":"https:\/\/encuentroinformativo.com.mx\/index.php?rest_route=\/wp\/v2\/users\/2476"}],"replies":[{"embeddable":true,"href":"https:\/\/encuentroinformativo.com.mx\/index.php?rest_route=%2Fwp%2Fv2%2Fcomments&post=62105"}],"version-history":[{"count":1,"href":"https:\/\/encuentroinformativo.com.mx\/index.php?rest_route=\/wp\/v2\/posts\/62105\/revisions"}],"predecessor-version":[{"id":62108,"href":"https:\/\/encuentroinformativo.com.mx\/index.php?rest_route=\/wp\/v2\/posts\/62105\/revisions\/62108"}],"wp:featuredmedia":[{"embeddable":true,"href":"https:\/\/encuentroinformativo.com.mx\/index.php?rest_route=\/wp\/v2\/media\/62107"}],"wp:attachment":[{"href":"https:\/\/encuentroinformativo.com.mx\/index.php?rest_route=%2Fwp%2Fv2%2Fmedia&parent=62105"}],"wp:term":[{"taxonomy":"category","embeddable":true,"href":"https:\/\/encuentroinformativo.com.mx\/index.php?rest_route=%2Fwp%2Fv2%2Fcategories&post=62105"},{"taxonomy":"post_tag","embeddable":true,"href":"https:\/\/encuentroinformativo.com.mx\/index.php?rest_route=%2Fwp%2Fv2%2Ftags&post=62105"}],"curies":[{"name":"wp","href":"https:\/\/api.w.org\/{rel}","templated":true}]}}