{"id":62111,"date":"2024-12-19T12:45:37","date_gmt":"2024-12-19T18:45:37","guid":{"rendered":"https:\/\/encuentroinformativo.com.mx\/?p=62111"},"modified":"2024-12-19T12:45:37","modified_gmt":"2024-12-19T18:45:37","slug":"va-de-nuevo-vinculacion-a-proceso-contra-rogelio-n","status":"publish","type":"post","link":"https:\/\/encuentroinformativo.com.mx\/?p=62111","title":{"rendered":"Va de nuevo, vinculaci\u00f3n a proceso contra Rogelio &#8220;N&#8221;"},"content":{"rendered":"<p><strong><span style=\"font-size: 1rem;\">Dar\u00edo Pale<\/span><\/strong><\/p>\n<p>Xalapa, Ver.- La Fiscal\u00eda General del Estado se la vuelve a aplicar a Rogelio &#8220;N&#8221;, responsable del delito de violencia familiar, en agravio de la v\u00edctima identificada con las iniciales G.A.G.<\/p>\n<p>Mediante un comunicado la FGE a trav\u00e9s de la Fiscal\u00eda Especializada en Investigaci\u00f3n de Delitos de Violencia contra la Familia, Mujeres, Ni\u00f1as y Ni\u00f1os y de Trata de Personas, obtuvo vinculaci\u00f3n a proceso en contra de Rogelio \u201cN\u201d, ex Secretario de Gobierno de Veracruz en la administraci\u00f3n del bienio de Miguel \u00c1ngel Yunes Linares.<\/p>\n<p>Como presunto responsable del delito de violencia familiar, en agravio de la v\u00edctima identificada con las iniciales G.A.G.<\/p>\n<p>Los hechos de los que es se\u00f1alado, acontecieron el pasado 11 de abril y el 1 de diciembre del 2016 al interior de un domicilio ubicado en la ciudad de Xalapa cuando presuntamente ejerci\u00f3 violencia f\u00edsica y psicol\u00f3gica en agravio de la v\u00edctima, con quien sosten\u00eda una relaci\u00f3n de concubinato.<\/p>\n<p>El juez ratific\u00f3 la medida cautelar de presentaci\u00f3n peri\u00f3dica, dentro del proceso penal 57\/2021, por lo que Rogelio &#8220;N&#8221; continuar\u00e1 en este proceso.<\/p>\n<p>Cabe mencionar que el ex funcionario estatal, en 2023 le fueron liberados dos delitos de los que era se\u00f1alado, uno de ellos fue el de peculado y el segundo por el ejercicio indebido del servicio p\u00fablico, por lo que la medida cautelar fue la prisi\u00f3n domiciliaria, la cual se encuentra activa.<\/p>\n<p>Rogelio Franco estaba en el penal de Amatl\u00e1n de los Reyes, en donde se le hab\u00edan imputado seis delitos por los que fue se\u00f1alado; entre ellos el de contra las instituciones y seguridad p\u00fablica; ultrajes a la autoridad; contra la administraci\u00f3n de justicia; abuso de autoridad; extorsi\u00f3n y peculado equiparado, \u00e9ste \u00faltimo resuelto con un auto de no vinculaci\u00f3n a proceso.<\/p>\n","protected":false},"excerpt":{"rendered":"<p>Dar\u00edo Pale Xalapa, Ver.- La Fiscal\u00eda General del Estado se la vuelve a aplicar a Rogelio &#8220;N&#8221;, responsable del delito de violencia familiar, en agravio de la v\u00edctima identificada con las iniciales G.A.G. Mediante un comunicado la FGE a trav\u00e9s de la Fiscal\u00eda Especializada en Investigaci\u00f3n de Delitos de Violencia contra la Familia, Mujeres, Ni\u00f1as [&hellip;]<\/p>\n","protected":false},"author":2476,"featured_media":45561,"comment_status":"open","ping_status":"open","sticky":false,"template":"","format":"standard","meta":{"_jetpack_memberships_contains_paid_content":false,"footnotes":""},"categories":[2],"tags":[],"class_list":["post-62111","post","type-post","status-publish","format-standard","has-post-thumbnail","hentry","category-estado"],"jetpack_featured_media_url":"https:\/\/encuentroinformativo.com.mx\/wp-content\/uploads\/2023\/09\/IMG-20230922-WA0024.jpg","jetpack_sharing_enabled":true,"jetpack_likes_enabled":true,"amp_enabled":true,"_links":{"self":[{"href":"https:\/\/encuentroinformativo.com.mx\/index.php?rest_route=\/wp\/v2\/posts\/62111","targetHints":{"allow":["GET"]}}],"collection":[{"href":"https:\/\/encuentroinformativo.com.mx\/index.php?rest_route=\/wp\/v2\/posts"}],"about":[{"href":"https:\/\/encuentroinformativo.com.mx\/index.php?rest_route=\/wp\/v2\/types\/post"}],"author":[{"embeddable":true,"href":"https:\/\/encuentroinformativo.com.mx\/index.php?rest_route=\/wp\/v2\/users\/2476"}],"replies":[{"embeddable":true,"href":"https:\/\/encuentroinformativo.com.mx\/index.php?rest_route=%2Fwp%2Fv2%2Fcomments&post=62111"}],"version-history":[{"count":1,"href":"https:\/\/encuentroinformativo.com.mx\/index.php?rest_route=\/wp\/v2\/posts\/62111\/revisions"}],"predecessor-version":[{"id":62112,"href":"https:\/\/encuentroinformativo.com.mx\/index.php?rest_route=\/wp\/v2\/posts\/62111\/revisions\/62112"}],"wp:featuredmedia":[{"embeddable":true,"href":"https:\/\/encuentroinformativo.com.mx\/index.php?rest_route=\/wp\/v2\/media\/45561"}],"wp:attachment":[{"href":"https:\/\/encuentroinformativo.com.mx\/index.php?rest_route=%2Fwp%2Fv2%2Fmedia&parent=62111"}],"wp:term":[{"taxonomy":"category","embeddable":true,"href":"https:\/\/encuentroinformativo.com.mx\/index.php?rest_route=%2Fwp%2Fv2%2Fcategories&post=62111"},{"taxonomy":"post_tag","embeddable":true,"href":"https:\/\/encuentroinformativo.com.mx\/index.php?rest_route=%2Fwp%2Fv2%2Ftags&post=62111"}],"curies":[{"name":"wp","href":"https:\/\/api.w.org\/{rel}","templated":true}]}}