{"id":62116,"date":"2024-12-19T15:21:01","date_gmt":"2024-12-19T21:21:01","guid":{"rendered":"https:\/\/encuentroinformativo.com.mx\/?p=62116"},"modified":"2024-12-19T15:21:01","modified_gmt":"2024-12-19T21:21:01","slug":"descarta-elizabeth-morales-buscar-alcaldia-xalapena","status":"publish","type":"post","link":"https:\/\/encuentroinformativo.com.mx\/?p=62116","title":{"rendered":"Descarta Elizabeth Morales buscar alcald\u00eda xalape\u00f1a"},"content":{"rendered":"<p><strong><span style=\"font-size: 1rem;\">Dar\u00edo Pale<\/span><\/strong><\/p>\n<p>Xalapa, Ver.- Se descarta Elizabeth Morales Garc\u00eda como aspirante a la alcald\u00eda de Xalapa por el Partido del Trabajo (PT), se queda como diputada plurinominal en el Congreso del Estado los tres a\u00f1os.<\/p>\n<p>En entrevista coment\u00f3, &#8220;me pienso quedar los tres a\u00f1os como diputada, ahora hay un criterio que se llama alternancia, que ahora para las municipales en el 2025, este criterio tiene que ser tomado en cuenta para que todas las regidur\u00edas deber\u00e1n aplicarlo para quienes buscar\u00e1n estos cargos\u201d.<\/p>\n<p>Explic\u00f3 que el criterio de alternancia est\u00e1 en discusi\u00f3n en la Sala Regional del Tribunal Electoral del Poder Judicial de la Federaci\u00f3n para saber si se aplicar\u00e1 para las presidencias municipales.<\/p>\n<p>\u201cEl Organismo P\u00fablico Local Electoral (OPLE) dijo que no, por lo que hay algunas impugnaciones para que se resuelvan y determinar si este criterio se aplica para las presidencias municipales, pero es un hecho que este criterio se aplicar\u00e1 para las regidur\u00edas\u201d, se\u00f1al\u00f3.<\/p>\n<p>Por \u00faltimo hay que recordar que Elizabeth Morales ya fue alcaldesa de Xalapa, pero postulada por el PRI.<\/p>\n","protected":false},"excerpt":{"rendered":"<p>Dar\u00edo Pale Xalapa, Ver.- Se descarta Elizabeth Morales Garc\u00eda como aspirante a la alcald\u00eda de Xalapa por el Partido del Trabajo (PT), se queda como diputada plurinominal en el Congreso del Estado los tres a\u00f1os. En entrevista coment\u00f3, &#8220;me pienso quedar los tres a\u00f1os como diputada, ahora hay un criterio que se llama alternancia, que [&hellip;]<\/p>\n","protected":false},"author":2476,"featured_media":62117,"comment_status":"open","ping_status":"open","sticky":false,"template":"","format":"standard","meta":{"_jetpack_memberships_contains_paid_content":false,"footnotes":""},"categories":[3],"tags":[],"class_list":["post-62116","post","type-post","status-publish","format-standard","has-post-thumbnail","hentry","category-xalapa"],"jetpack_featured_media_url":"https:\/\/encuentroinformativo.com.mx\/wp-content\/uploads\/2024\/12\/IMG-20241219-WA00712.jpg","jetpack_sharing_enabled":true,"jetpack_likes_enabled":true,"amp_enabled":true,"_links":{"self":[{"href":"https:\/\/encuentroinformativo.com.mx\/index.php?rest_route=\/wp\/v2\/posts\/62116","targetHints":{"allow":["GET"]}}],"collection":[{"href":"https:\/\/encuentroinformativo.com.mx\/index.php?rest_route=\/wp\/v2\/posts"}],"about":[{"href":"https:\/\/encuentroinformativo.com.mx\/index.php?rest_route=\/wp\/v2\/types\/post"}],"author":[{"embeddable":true,"href":"https:\/\/encuentroinformativo.com.mx\/index.php?rest_route=\/wp\/v2\/users\/2476"}],"replies":[{"embeddable":true,"href":"https:\/\/encuentroinformativo.com.mx\/index.php?rest_route=%2Fwp%2Fv2%2Fcomments&post=62116"}],"version-history":[{"count":1,"href":"https:\/\/encuentroinformativo.com.mx\/index.php?rest_route=\/wp\/v2\/posts\/62116\/revisions"}],"predecessor-version":[{"id":62118,"href":"https:\/\/encuentroinformativo.com.mx\/index.php?rest_route=\/wp\/v2\/posts\/62116\/revisions\/62118"}],"wp:featuredmedia":[{"embeddable":true,"href":"https:\/\/encuentroinformativo.com.mx\/index.php?rest_route=\/wp\/v2\/media\/62117"}],"wp:attachment":[{"href":"https:\/\/encuentroinformativo.com.mx\/index.php?rest_route=%2Fwp%2Fv2%2Fmedia&parent=62116"}],"wp:term":[{"taxonomy":"category","embeddable":true,"href":"https:\/\/encuentroinformativo.com.mx\/index.php?rest_route=%2Fwp%2Fv2%2Fcategories&post=62116"},{"taxonomy":"post_tag","embeddable":true,"href":"https:\/\/encuentroinformativo.com.mx\/index.php?rest_route=%2Fwp%2Fv2%2Ftags&post=62116"}],"curies":[{"name":"wp","href":"https:\/\/api.w.org\/{rel}","templated":true}]}}