{"id":62119,"date":"2024-12-20T00:13:05","date_gmt":"2024-12-20T06:13:05","guid":{"rendered":"https:\/\/encuentroinformativo.com.mx\/?p=62119"},"modified":"2024-12-20T00:13:05","modified_gmt":"2024-12-20T06:13:05","slug":"firma-comision-de-gobernacion-dictamen-en-materia-de-proteccion-animal","status":"publish","type":"post","link":"https:\/\/encuentroinformativo.com.mx\/?p=62119","title":{"rendered":"Firma Comisi\u00f3n de Gobernaci\u00f3n dictamen en materia de protecci\u00f3n animal"},"content":{"rendered":"<p><strong>* Sus integrantes formulan un Programa de Trabajo para el primer a\u00f1o de labores.<\/strong><\/p>\n<p style=\"font-weight: 400;\"><span style=\"font-size: 1rem;\">Xalapa, Ver.- La Comisi\u00f3n Permanente de Gobernaci\u00f3n de la LXVII Legislatura aval\u00f3 la propuesta del Grupo Legislativo del Partido Verde Ecologista de M\u00e9xico (PVEM) de incorporar la materia de bienestar animal en la denominaci\u00f3n de la Comisi\u00f3n Permanente de Medio Ambiente, Recursos Naturales y Cambio Clim\u00e1tico.<\/span><\/p>\n<p style=\"font-weight: 400;\">\n<p style=\"font-weight: 400;\">En reuni\u00f3n de trabajo, la diputada Dorheny Garc\u00eda Cayetano y los legisladores Luis Vicente Aguilar Castillo y Carlos Marcelo Ruiz S\u00e1nchez, presidenta, secretario y vocal respectivamente, suscribieron el dictamen con proyecto de decreto que reforma la fracci\u00f3n XXIV del Art\u00edculo 39 de la Ley Org\u00e1nica del Poder Legislativo, derivado de la iniciativa presentada por la diputada Tania Mar\u00eda Cruz Mej\u00eda el pasado 14 de noviembre en la Tercera Sesi\u00f3n Ordinaria de este a\u00f1o legislativo.<\/p>\n<p style=\"font-weight: 400;\">\n<p style=\"font-weight: 400;\">En dicho proyecto se plantea modificar la denominaci\u00f3n de la actual Comisi\u00f3n Permanente de Medio Ambiente, Recursos Naturales y Cambio Clim\u00e1tico, por la de Medio Ambiente, Recursos Naturales, Cambio Clim\u00e1tico y de Protecci\u00f3n y Bienestar Animal, ampliando as\u00ed su \u00e1mbito de acci\u00f3n y competencia.<\/p>\n<p style=\"font-weight: 400;\">\n<p style=\"font-weight: 400;\">En la misma reuni\u00f3n, la y los integrantes de la Comisi\u00f3n de Gobernaci\u00f3n procedieron a la formulaci\u00f3n de un Programa Anual de Trabajo, basado en los principios establecidos en la Ley Org\u00e1nica y el Reglamento para el Gobierno Interior, ambos de este Poder Legislativo, mismo que orientar\u00e1 las acciones de este \u00f3rgano constitucional del Estado durante el primer a\u00f1o de labores.<\/p>\n","protected":false},"excerpt":{"rendered":"<p>* Sus integrantes formulan un Programa de Trabajo para el primer a\u00f1o de labores. Xalapa, Ver.- La Comisi\u00f3n Permanente de Gobernaci\u00f3n de la LXVII Legislatura aval\u00f3 la propuesta del Grupo Legislativo del Partido Verde Ecologista de M\u00e9xico (PVEM) de incorporar la materia de bienestar animal en la denominaci\u00f3n de la Comisi\u00f3n Permanente de Medio Ambiente, [&hellip;]<\/p>\n","protected":false},"author":2476,"featured_media":62120,"comment_status":"open","ping_status":"open","sticky":false,"template":"","format":"standard","meta":{"_jetpack_memberships_contains_paid_content":false,"footnotes":""},"categories":[2],"tags":[],"class_list":["post-62119","post","type-post","status-publish","format-standard","has-post-thumbnail","hentry","category-estado"],"jetpack_featured_media_url":"https:\/\/encuentroinformativo.com.mx\/wp-content\/uploads\/2024\/12\/NOV19DIC2024GOBERNACION5.jpeg","jetpack_sharing_enabled":true,"jetpack_likes_enabled":true,"amp_enabled":true,"_links":{"self":[{"href":"https:\/\/encuentroinformativo.com.mx\/index.php?rest_route=\/wp\/v2\/posts\/62119","targetHints":{"allow":["GET"]}}],"collection":[{"href":"https:\/\/encuentroinformativo.com.mx\/index.php?rest_route=\/wp\/v2\/posts"}],"about":[{"href":"https:\/\/encuentroinformativo.com.mx\/index.php?rest_route=\/wp\/v2\/types\/post"}],"author":[{"embeddable":true,"href":"https:\/\/encuentroinformativo.com.mx\/index.php?rest_route=\/wp\/v2\/users\/2476"}],"replies":[{"embeddable":true,"href":"https:\/\/encuentroinformativo.com.mx\/index.php?rest_route=%2Fwp%2Fv2%2Fcomments&post=62119"}],"version-history":[{"count":1,"href":"https:\/\/encuentroinformativo.com.mx\/index.php?rest_route=\/wp\/v2\/posts\/62119\/revisions"}],"predecessor-version":[{"id":62121,"href":"https:\/\/encuentroinformativo.com.mx\/index.php?rest_route=\/wp\/v2\/posts\/62119\/revisions\/62121"}],"wp:featuredmedia":[{"embeddable":true,"href":"https:\/\/encuentroinformativo.com.mx\/index.php?rest_route=\/wp\/v2\/media\/62120"}],"wp:attachment":[{"href":"https:\/\/encuentroinformativo.com.mx\/index.php?rest_route=%2Fwp%2Fv2%2Fmedia&parent=62119"}],"wp:term":[{"taxonomy":"category","embeddable":true,"href":"https:\/\/encuentroinformativo.com.mx\/index.php?rest_route=%2Fwp%2Fv2%2Fcategories&post=62119"},{"taxonomy":"post_tag","embeddable":true,"href":"https:\/\/encuentroinformativo.com.mx\/index.php?rest_route=%2Fwp%2Fv2%2Ftags&post=62119"}],"curies":[{"name":"wp","href":"https:\/\/api.w.org\/{rel}","templated":true}]}}