{"id":6212,"date":"2020-09-26T19:04:44","date_gmt":"2020-09-27T00:04:44","guid":{"rendered":"https:\/\/encuentroinformativo.com.mx\/?p=6212"},"modified":"2020-09-26T19:04:46","modified_gmt":"2020-09-27T00:04:46","slug":"por-pandemia-se-perdio-un-millon-de-empleos-amlo","status":"publish","type":"post","link":"https:\/\/encuentroinformativo.com.mx\/?p=6212","title":{"rendered":"Por pandemia se perdi\u00f3 un mill\u00f3n de empleos: AMLO"},"content":{"rendered":"\n<p><strong>Dar\u00edo Pale <\/strong><\/p>\n\n\n\n<p>Xalapa, Ver.- El presidente Andr\u00e9s Manuel L\u00f3pez Obrador admiti\u00f3 que en M\u00e9xico se perdieron un mill\u00f3n de empleos durante la pandemia, solo 550 mil empleos en abril, pero justific\u00f3 que en agosto se tuvo una recuperaci\u00f3n con la creaci\u00f3n de 92 mil empleos nuevos y que del periodo del 1 al 25 de septiembre se tienen 97 mil 597 empleos recuperados en el pa\u00eds.<\/p>\n\n\n\n<p>Desde el Museo Kan\u00e1 de Ciencia y Tecnolog\u00eda en la ciudad de Xalapa, durante su discurso el presidente de M\u00e9xico, presumi\u00f3 que a nivel nacional las remesas reportan un incremento de 12 por ciento en t\u00e9rminos reales con respecto al a\u00f1o pasado.<\/p>\n\n\n\n<p>Previ\u00f3 que los env\u00edos de dinero desde Estados Unidos hacia M\u00e9xico reporten un r\u00e9cord de 40 mil millones de d\u00f3lares para 10 millones de familiares antes finalizar el 2020.<\/p>\n\n\n\n<p>L\u00f3pez Obrador destac\u00f3 que el movimiento de las remesas contribuy\u00f3 a que en M\u00e9xico no decayera el consumo durante la pandemia.<\/p>\n\n\n\n<p>No obstante asegur\u00f3 que en M\u00e9xico seis de cada diez hogares reciben los programas sociales de la Secretar\u00eda de Bienestar, en el estado de Veracruz se entregaron 111 mil \u201ccr\u00e9ditos a la palabra&#8221; cada uno de 25 mil pesos, destinado a empresas formales.<\/p>\n\n\n\n<p>Finalmente en su visita a la capital de Veracruz, indic\u00f3 que estos cr\u00e9ditos representan 2 mil 800 millones de pesos y se pagan a plazos de tres a\u00f1os, &#8220;sin necesidad de papeleo&#8221;. \u00a0<\/p>\n","protected":false},"excerpt":{"rendered":"<p>Dar\u00edo Pale Xalapa, Ver.- El presidente Andr\u00e9s Manuel L\u00f3pez Obrador admiti\u00f3 que en M\u00e9xico se perdieron un mill\u00f3n de empleos durante la pandemia, solo 550 mil empleos en abril, pero justific\u00f3 que en agosto se tuvo una recuperaci\u00f3n con la creaci\u00f3n de 92 mil empleos nuevos y que del periodo del 1 al 25 de [&hellip;]<\/p>\n","protected":false},"author":1,"featured_media":6213,"comment_status":"open","ping_status":"open","sticky":false,"template":"","format":"standard","meta":{"_jetpack_memberships_contains_paid_content":false,"footnotes":""},"categories":[12],"tags":[],"class_list":["post-6212","post","type-post","status-publish","format-standard","has-post-thumbnail","hentry","category-nacional"],"jetpack_featured_media_url":"https:\/\/encuentroinformativo.com.mx\/wp-content\/uploads\/2020\/09\/5D269644-AE0E-48F8-95D0-4DA7C968A785.jpeg","jetpack_sharing_enabled":true,"jetpack_likes_enabled":true,"amp_enabled":true,"_links":{"self":[{"href":"https:\/\/encuentroinformativo.com.mx\/index.php?rest_route=\/wp\/v2\/posts\/6212","targetHints":{"allow":["GET"]}}],"collection":[{"href":"https:\/\/encuentroinformativo.com.mx\/index.php?rest_route=\/wp\/v2\/posts"}],"about":[{"href":"https:\/\/encuentroinformativo.com.mx\/index.php?rest_route=\/wp\/v2\/types\/post"}],"author":[{"embeddable":true,"href":"https:\/\/encuentroinformativo.com.mx\/index.php?rest_route=\/wp\/v2\/users\/1"}],"replies":[{"embeddable":true,"href":"https:\/\/encuentroinformativo.com.mx\/index.php?rest_route=%2Fwp%2Fv2%2Fcomments&post=6212"}],"version-history":[{"count":1,"href":"https:\/\/encuentroinformativo.com.mx\/index.php?rest_route=\/wp\/v2\/posts\/6212\/revisions"}],"predecessor-version":[{"id":6214,"href":"https:\/\/encuentroinformativo.com.mx\/index.php?rest_route=\/wp\/v2\/posts\/6212\/revisions\/6214"}],"wp:featuredmedia":[{"embeddable":true,"href":"https:\/\/encuentroinformativo.com.mx\/index.php?rest_route=\/wp\/v2\/media\/6213"}],"wp:attachment":[{"href":"https:\/\/encuentroinformativo.com.mx\/index.php?rest_route=%2Fwp%2Fv2%2Fmedia&parent=6212"}],"wp:term":[{"taxonomy":"category","embeddable":true,"href":"https:\/\/encuentroinformativo.com.mx\/index.php?rest_route=%2Fwp%2Fv2%2Fcategories&post=6212"},{"taxonomy":"post_tag","embeddable":true,"href":"https:\/\/encuentroinformativo.com.mx\/index.php?rest_route=%2Fwp%2Fv2%2Ftags&post=6212"}],"curies":[{"name":"wp","href":"https:\/\/api.w.org\/{rel}","templated":true}]}}