{"id":62122,"date":"2024-12-20T00:19:50","date_gmt":"2024-12-20T06:19:50","guid":{"rendered":"https:\/\/encuentroinformativo.com.mx\/?p=62122"},"modified":"2024-12-20T00:19:50","modified_gmt":"2024-12-20T06:19:50","slug":"atiende-presidente-de-la-jucopo-a-integrantes-del-magisterio","status":"publish","type":"post","link":"https:\/\/encuentroinformativo.com.mx\/?p=62122","title":{"rendered":"Atiende presidente de la Jucopo a integrantes del magisterio"},"content":{"rendered":"<p style=\"font-weight: 400;\">Xalapa, Ver.- En el auditorio Sebasti\u00e1n Lerdo de Tejada del Palacio Legislativo, este jueves, el presidente de la Junta de Coordinaci\u00f3n Pol\u00edtica de la LXVII Legislatura, diputado Esteban Bautista Hern\u00e1ndez, atendi\u00f3 a integrantes del Movimiento Magisterial Popular Veracruzano (MMPV), de quienes reconoci\u00f3 la constancia en la lucha que han librado en defensa del gremio.<\/p>\n<p style=\"font-weight: 400;\"><span style=\"font-size: 1rem;\">Ante la presencia de la diputada Naomi Edith G\u00f3mez Santos y representantes de MMPV de diversos municipios de la entidad, Daniel Hern\u00e1ndez del \u00c1ngel, vocero de dicha agrupaci\u00f3n, valor\u00f3 la disposici\u00f3n del Congreso local para trabajar coordinadamente y capitalizar acciones para beneficio del magisterio veracruzano.<\/span><\/p>\n<p><img loading=\"lazy\" decoding=\"async\" class=\"alignnone size-medium wp-image-62124\" src=\"https:\/\/encuentroinformativo.com.mx\/wp-content\/uploads\/2024\/12\/NOV19DIC2024EBAUTISTA3-300x206.jpeg\" alt=\"\" width=\"300\" height=\"206\" srcset=\"https:\/\/encuentroinformativo.com.mx\/wp-content\/uploads\/2024\/12\/NOV19DIC2024EBAUTISTA3-300x206.jpeg 300w, https:\/\/encuentroinformativo.com.mx\/wp-content\/uploads\/2024\/12\/NOV19DIC2024EBAUTISTA3-1024x704.jpeg 1024w, https:\/\/encuentroinformativo.com.mx\/wp-content\/uploads\/2024\/12\/NOV19DIC2024EBAUTISTA3-768x528.jpeg 768w, https:\/\/encuentroinformativo.com.mx\/wp-content\/uploads\/2024\/12\/NOV19DIC2024EBAUTISTA3-1536x1056.jpeg 1536w, https:\/\/encuentroinformativo.com.mx\/wp-content\/uploads\/2024\/12\/NOV19DIC2024EBAUTISTA3.jpeg 1600w\" sizes=\"auto, (max-width: 300px) 100vw, 300px\" \/><\/p>\n","protected":false},"excerpt":{"rendered":"<p>Xalapa, Ver.- En el auditorio Sebasti\u00e1n Lerdo de Tejada del Palacio Legislativo, este jueves, el presidente de la Junta de Coordinaci\u00f3n Pol\u00edtica de la LXVII Legislatura, diputado Esteban Bautista Hern\u00e1ndez, atendi\u00f3 a integrantes del Movimiento Magisterial Popular Veracruzano (MMPV), de quienes reconoci\u00f3 la constancia en la lucha que han librado en defensa del gremio. Ante [&hellip;]<\/p>\n","protected":false},"author":2476,"featured_media":62123,"comment_status":"open","ping_status":"open","sticky":false,"template":"","format":"standard","meta":{"_jetpack_memberships_contains_paid_content":false,"footnotes":""},"categories":[2],"tags":[],"class_list":["post-62122","post","type-post","status-publish","format-standard","has-post-thumbnail","hentry","category-estado"],"jetpack_featured_media_url":"https:\/\/encuentroinformativo.com.mx\/wp-content\/uploads\/2024\/12\/NOV19DIC2024EBAUTISTA12.jpeg","jetpack_sharing_enabled":true,"jetpack_likes_enabled":true,"amp_enabled":true,"_links":{"self":[{"href":"https:\/\/encuentroinformativo.com.mx\/index.php?rest_route=\/wp\/v2\/posts\/62122","targetHints":{"allow":["GET"]}}],"collection":[{"href":"https:\/\/encuentroinformativo.com.mx\/index.php?rest_route=\/wp\/v2\/posts"}],"about":[{"href":"https:\/\/encuentroinformativo.com.mx\/index.php?rest_route=\/wp\/v2\/types\/post"}],"author":[{"embeddable":true,"href":"https:\/\/encuentroinformativo.com.mx\/index.php?rest_route=\/wp\/v2\/users\/2476"}],"replies":[{"embeddable":true,"href":"https:\/\/encuentroinformativo.com.mx\/index.php?rest_route=%2Fwp%2Fv2%2Fcomments&post=62122"}],"version-history":[{"count":1,"href":"https:\/\/encuentroinformativo.com.mx\/index.php?rest_route=\/wp\/v2\/posts\/62122\/revisions"}],"predecessor-version":[{"id":62125,"href":"https:\/\/encuentroinformativo.com.mx\/index.php?rest_route=\/wp\/v2\/posts\/62122\/revisions\/62125"}],"wp:featuredmedia":[{"embeddable":true,"href":"https:\/\/encuentroinformativo.com.mx\/index.php?rest_route=\/wp\/v2\/media\/62123"}],"wp:attachment":[{"href":"https:\/\/encuentroinformativo.com.mx\/index.php?rest_route=%2Fwp%2Fv2%2Fmedia&parent=62122"}],"wp:term":[{"taxonomy":"category","embeddable":true,"href":"https:\/\/encuentroinformativo.com.mx\/index.php?rest_route=%2Fwp%2Fv2%2Fcategories&post=62122"},{"taxonomy":"post_tag","embeddable":true,"href":"https:\/\/encuentroinformativo.com.mx\/index.php?rest_route=%2Fwp%2Fv2%2Ftags&post=62122"}],"curies":[{"name":"wp","href":"https:\/\/api.w.org\/{rel}","templated":true}]}}