{"id":62126,"date":"2024-12-20T09:45:03","date_gmt":"2024-12-20T15:45:03","guid":{"rendered":"https:\/\/encuentroinformativo.com.mx\/?p=62126"},"modified":"2024-12-20T09:45:03","modified_gmt":"2024-12-20T15:45:03","slug":"2025-pan-y-pri-morena-y-mc","status":"publish","type":"post","link":"https:\/\/encuentroinformativo.com.mx\/?p=62126","title":{"rendered":"2025: PAN Y PRI; MORENA Y MC"},"content":{"rendered":"<p dir=\"ltr\"><strong>Los Pol\u00edticos<\/strong><\/p>\n<p dir=\"ltr\"><strong>Salvador Mu\u00f1oz<\/strong><\/p>\n<p dir=\"ltr\">Es seguro que para el PRI y para el PAN, la mejor opci\u00f3n que tienen para participar este 2025, sea la alianza\u2026 no s\u00f3lo para hacer peso a sus l\u00e1nguidos institutos, sino para hacer lo m\u00e1s complicado: conformar 212 planillas a competir por el mismo n\u00famero de municipios.<\/p>\n<p dir=\"ltr\">En pocas palabras, sus caballadas est\u00e1n flacas, fam\u00e9licas, an\u00e9micas, a tal grado que mientras en Morena salen cual hongos precandidatos, en la misma proporci\u00f3n pero en dudas o negaciones, declinan a participar por el PRI o el PAN los pocos personajes que les quedan\u2026<\/p>\n<p dir=\"ltr\">\u00bfC\u00f3mo estar\u00e1n los \u00e1nimos, que a estas alturas, en el PRI no llegan a 50 los aspirantes a contender por una silla presidencial municipal este 2025 cuando en otros tiempos, sobraban por municipio y hasta del chongo se agarraban?<\/p>\n<p dir=\"ltr\">La broma casi rayando en serio o a desesperaci\u00f3n que se hace en las mesas de caf\u00e9, es que al menos en Xalapa, el \u00fanico pri\u00edsta que podr\u00eda dar la certeza del triunfo en la capital veracruzana ser\u00eda Pepe Yunes, quien en la pasada contienda por la gubernatura, fue el \u00fanico distrito que gan\u00f3, siendo la Atenas posici\u00f3n morenista por cualquier lado que se le viera en ese momento con legisladores federales y locales, as\u00ed como la alcald\u00eda y por si fuera poco, un senador xalape\u00f1o y un gobernador igual\u2026 cosa que no ha variado mucho\u2026<\/p>\n<p dir=\"ltr\">Por ese resultado en la capital veracruzana, hay morenos que consideran que las dos supuestas cartas que tiene Ricardo Ahued para contender por la presidencia municipal, no las tendr\u00eda tan seguras: El diputado Antonio Ballesteros o Ernesto P\u00e9rez Astorga. El primero, parte de su equipo en la administraci\u00f3n municipal; el segundo, a quien le debe el pasaporte para su incursi\u00f3n en Morena.<\/p>\n<p dir=\"ltr\">En el caso del PAN, no cantan mal las rancheras\u2026 un ejemplo de ello es Boca del R\u00edo donde se cuenta que la legisladora local, Indira Rosales San Rom\u00e1n, ya qued\u00f3 fuera de la contienda municipal para darle paso a la otra legisladora, pero federal, Maryjos\u00e9 Gamboa, a quien todo mundo esperaba ver en el Puerto, pero\u2026<\/p>\n<p dir=\"ltr\">Aseguran que Maryjos\u00e9 Gamboa fue directo al PAN nacional a postularse para candidata por Boca del R\u00edo, justo en el momento cr\u00edtico en que los Yunes del Senado viv\u00edan con el partido (y siguen viviendo\u2026)<\/p>\n<p dir=\"ltr\">Todo indica que el PAN nacional inclin\u00f3 la balanza a favor de Maryjos\u00e9 bajo la idea de que por ser Indira Rosales parte de la camada yunista, pudiera ser una mala se\u00f1al para el electorado\u2026<\/p>\n<p dir=\"ltr\">S\u00ed, yo tambi\u00e9n lo pens\u00e9\u2026 acaso Maryjos\u00e9 no pertenece a esa misma camada?<\/p>\n<p dir=\"ltr\">Hay la versi\u00f3n de que ese acuerdo estuvo palomeado por el mismo senador Yunes M\u00e1rquez\u2026 y dijeran Ca7riel y Paco Amoroso: \u201cPara para para!\u2026 Tatuaje en el cuello?\u201d Qu\u00e9 no acabaron del chongo los Yunes con el PAN? Pues si, pero hasta donde se sabe, tanto Jorge Romero como el senador Yunes M\u00e1rquez siguen siendo cuates\u2026 algo as\u00ed como la lucha libre: los costalazos son arriba; abajo los acuerdos\u2026 o qui\u00e9n es el jefe de giras del dirigente nacional del PAN?<\/p>\n<p dir=\"ltr\">Por cierto, ya que hablamos de candidatos rumbo al 2025, quien anda muy calladito, tranquilo y sin prisas, es el dirigente estatal de Movimiento Ciudadano, Luis Carbonell de la Hoz\u2026 las malas lenguas dicen que a diferencia de sus competidores, incluido Morena, no s\u00f3lo tiene un alto porcentaje de candidatos para la contienda que se avecina, sino que ya viene incluida la paridad, otro tema por el que sufren PAN y PRI\u2026 y no solo eso: hasta los dem\u00e1s cargos edilicios ya est\u00e1n puestos\u2026 que por eso no se deja ver el xalape\u00f1o naranja.<\/p>\n<p dir=\"ltr\">Ah por cierto, en Boca del R\u00edo todo indica que el Comas, Ra\u00fal Zarrabal Ferat, ser\u00e1 opci\u00f3n para el electorado este 2025\u2026<\/p>\n<p dir=\"ltr\">Y por si fuera poco, es m\u00e1s que claro que Movimiento Ciudadano ser\u00e1 el \u00fanico partido en la contienda municipal, que se la vuelva a rifar solo\u2026 la primera gran prueba de fuego para Luis Carbonell\u2026<\/p>\n","protected":false},"excerpt":{"rendered":"<p>Los Pol\u00edticos Salvador Mu\u00f1oz Es seguro que para el PRI y para el PAN, la mejor opci\u00f3n que tienen para participar este 2025, sea la alianza\u2026 no s\u00f3lo para hacer peso a sus l\u00e1nguidos institutos, sino para hacer lo m\u00e1s complicado: conformar 212 planillas a competir por el mismo n\u00famero de municipios. En pocas palabras, [&hellip;]<\/p>\n","protected":false},"author":2476,"featured_media":387,"comment_status":"open","ping_status":"open","sticky":false,"template":"","format":"standard","meta":{"_jetpack_memberships_contains_paid_content":false,"footnotes":""},"categories":[11],"tags":[],"class_list":["post-62126","post","type-post","status-publish","format-standard","has-post-thumbnail","hentry","category-opinion"],"jetpack_featured_media_url":"https:\/\/encuentroinformativo.com.mx\/wp-content\/uploads\/2020\/03\/7CF8A22B-2764-47BE-8F7F-38FE9E5D6A2F.jpeg","jetpack_sharing_enabled":true,"jetpack_likes_enabled":true,"amp_enabled":true,"_links":{"self":[{"href":"https:\/\/encuentroinformativo.com.mx\/index.php?rest_route=\/wp\/v2\/posts\/62126","targetHints":{"allow":["GET"]}}],"collection":[{"href":"https:\/\/encuentroinformativo.com.mx\/index.php?rest_route=\/wp\/v2\/posts"}],"about":[{"href":"https:\/\/encuentroinformativo.com.mx\/index.php?rest_route=\/wp\/v2\/types\/post"}],"author":[{"embeddable":true,"href":"https:\/\/encuentroinformativo.com.mx\/index.php?rest_route=\/wp\/v2\/users\/2476"}],"replies":[{"embeddable":true,"href":"https:\/\/encuentroinformativo.com.mx\/index.php?rest_route=%2Fwp%2Fv2%2Fcomments&post=62126"}],"version-history":[{"count":1,"href":"https:\/\/encuentroinformativo.com.mx\/index.php?rest_route=\/wp\/v2\/posts\/62126\/revisions"}],"predecessor-version":[{"id":62127,"href":"https:\/\/encuentroinformativo.com.mx\/index.php?rest_route=\/wp\/v2\/posts\/62126\/revisions\/62127"}],"wp:featuredmedia":[{"embeddable":true,"href":"https:\/\/encuentroinformativo.com.mx\/index.php?rest_route=\/wp\/v2\/media\/387"}],"wp:attachment":[{"href":"https:\/\/encuentroinformativo.com.mx\/index.php?rest_route=%2Fwp%2Fv2%2Fmedia&parent=62126"}],"wp:term":[{"taxonomy":"category","embeddable":true,"href":"https:\/\/encuentroinformativo.com.mx\/index.php?rest_route=%2Fwp%2Fv2%2Fcategories&post=62126"},{"taxonomy":"post_tag","embeddable":true,"href":"https:\/\/encuentroinformativo.com.mx\/index.php?rest_route=%2Fwp%2Fv2%2Ftags&post=62126"}],"curies":[{"name":"wp","href":"https:\/\/api.w.org\/{rel}","templated":true}]}}