{"id":62132,"date":"2024-12-20T11:38:54","date_gmt":"2024-12-20T17:38:54","guid":{"rendered":"https:\/\/encuentroinformativo.com.mx\/?p=62132"},"modified":"2024-12-20T11:38:54","modified_gmt":"2024-12-20T17:38:54","slug":"volvera-liga-municipal-a-la-valentin-ruiz-obregon","status":"publish","type":"post","link":"https:\/\/encuentroinformativo.com.mx\/?p=62132","title":{"rendered":"Volver\u00e1 Liga Municipal a la &#8220;Valent\u00edn Ruiz Obreg\u00f3n&#8221;"},"content":{"rendered":"<p><strong style=\"font-size: 1rem;\">Alejandro \u00c1vila<\/strong><\/p>\n<p>Veracruz, Ver.- La Liga Municipal de Futbol Infantil y Juvenil de Veracruz y Boca del R\u00edo regresa a su casa, el sitio donde empez\u00f3 la historia: las canchas de la Valent\u00edn Ruiz Obreg\u00f3n, que ser\u00e1n escenario este s\u00e1bado de las finales del Torneo de Copa \u201cSomos la Historia\u201d.<\/p>\n<p>Jorge Carrillo Galindo, presidente de la Liga Municipal, anunci\u00f3 con benepl\u00e1cito que volver\u00e1n a usar los campos donde empez\u00f3 a rodar la pelota de la liga de futbol m\u00e1s longeva de la entidad veracruzana.<\/p>\n<p>A\u00f1adi\u00f3 que dicho recinto volver\u00e1 a reunir a ni\u00f1os y j\u00f3venes, tal y como lo hiciera en anta\u00f1o quienes hoy d\u00eda son pap\u00e1s e incluso, algunos abuelos, que jugaron en dichos campos en sus a\u00f1os mozos.<\/p>\n<p>Agradeci\u00f3 el apoyo y disposici\u00f3n del director del Instituto Veracruzano del Deporte (IVD), \u00d3scar Juanz Roussell, por la apertura de dichos campos en los que naciera hace 50 a\u00f1os la Liga Municipal de Futbol Infantil y Juvenil Veracruz-Boca del R\u00edo.<\/p>\n<p>Carrillo Galindo resalt\u00f3 la solidaridad de la actual administraci\u00f3n estatal con el deporte veracruzano en general y el impulso que buscan darle para retomar el protagonismo a nivel nacional.<\/p>\n<p>FINALES<\/p>\n<p>Los campos de la unidad deportiva Valent\u00edn Ruiz Obreg\u00f3n, ser\u00e1n escenario este s\u00e1bado de las Finales del Torneo de Copa \u201cSomos la historia\u201d, por lo que est\u00e1 abierta la invitaci\u00f3n al p\u00fablico en general que quiera revivir las emociones que antes se vivieron en la historia de la Liga Municipal.<\/p>\n<p>La primera final que se disputar\u00e1 ser\u00e1 en la categor\u00eda Infantil A, entre los equipos Picolinos contra Tablajeros, programado a las 16:00 horas.<\/p>\n<p>A las 17:10 horas, Picolinos se medir\u00e1 a Escualas, por el t\u00edtulo de la Juvenil A.<\/p>\n<p>En tanto que, a las 18:20 horas, Delta F.C y Deportivo Tejer\u00eda, se enfrascar\u00e1n en la cancha por el t\u00edtulo de la Juvenil B.<\/p>\n<p>A las 19:30 horas, Guerreros de Veracruz FC, equipo que disputar\u00e1 su tercera final consecutiva, medir\u00e1 fuerzas contra Real Z.N., por el t\u00edtulo de la Juvenil C.<\/p>\n","protected":false},"excerpt":{"rendered":"<p>Alejandro \u00c1vila Veracruz, Ver.- La Liga Municipal de Futbol Infantil y Juvenil de Veracruz y Boca del R\u00edo regresa a su casa, el sitio donde empez\u00f3 la historia: las canchas de la Valent\u00edn Ruiz Obreg\u00f3n, que ser\u00e1n escenario este s\u00e1bado de las finales del Torneo de Copa \u201cSomos la Historia\u201d. Jorge Carrillo Galindo, presidente de [&hellip;]<\/p>\n","protected":false},"author":2476,"featured_media":62133,"comment_status":"open","ping_status":"open","sticky":false,"template":"","format":"standard","meta":{"_jetpack_memberships_contains_paid_content":false,"footnotes":""},"categories":[2],"tags":[],"class_list":["post-62132","post","type-post","status-publish","format-standard","has-post-thumbnail","hentry","category-estado"],"jetpack_featured_media_url":"https:\/\/encuentroinformativo.com.mx\/wp-content\/uploads\/2024\/12\/IMG-20241220-WA0010.jpg","jetpack_sharing_enabled":true,"jetpack_likes_enabled":true,"amp_enabled":true,"_links":{"self":[{"href":"https:\/\/encuentroinformativo.com.mx\/index.php?rest_route=\/wp\/v2\/posts\/62132","targetHints":{"allow":["GET"]}}],"collection":[{"href":"https:\/\/encuentroinformativo.com.mx\/index.php?rest_route=\/wp\/v2\/posts"}],"about":[{"href":"https:\/\/encuentroinformativo.com.mx\/index.php?rest_route=\/wp\/v2\/types\/post"}],"author":[{"embeddable":true,"href":"https:\/\/encuentroinformativo.com.mx\/index.php?rest_route=\/wp\/v2\/users\/2476"}],"replies":[{"embeddable":true,"href":"https:\/\/encuentroinformativo.com.mx\/index.php?rest_route=%2Fwp%2Fv2%2Fcomments&post=62132"}],"version-history":[{"count":1,"href":"https:\/\/encuentroinformativo.com.mx\/index.php?rest_route=\/wp\/v2\/posts\/62132\/revisions"}],"predecessor-version":[{"id":62134,"href":"https:\/\/encuentroinformativo.com.mx\/index.php?rest_route=\/wp\/v2\/posts\/62132\/revisions\/62134"}],"wp:featuredmedia":[{"embeddable":true,"href":"https:\/\/encuentroinformativo.com.mx\/index.php?rest_route=\/wp\/v2\/media\/62133"}],"wp:attachment":[{"href":"https:\/\/encuentroinformativo.com.mx\/index.php?rest_route=%2Fwp%2Fv2%2Fmedia&parent=62132"}],"wp:term":[{"taxonomy":"category","embeddable":true,"href":"https:\/\/encuentroinformativo.com.mx\/index.php?rest_route=%2Fwp%2Fv2%2Fcategories&post=62132"},{"taxonomy":"post_tag","embeddable":true,"href":"https:\/\/encuentroinformativo.com.mx\/index.php?rest_route=%2Fwp%2Fv2%2Ftags&post=62132"}],"curies":[{"name":"wp","href":"https:\/\/api.w.org\/{rel}","templated":true}]}}