{"id":62152,"date":"2024-12-20T16:49:17","date_gmt":"2024-12-20T22:49:17","guid":{"rendered":"https:\/\/encuentroinformativo.com.mx\/?p=62152"},"modified":"2024-12-20T16:49:17","modified_gmt":"2024-12-20T22:49:17","slug":"nombra-lxvii-legislatura-a-comisionados-y-secretario-ejecutivo-de-la-ceapp","status":"publish","type":"post","link":"https:\/\/encuentroinformativo.com.mx\/?p=62152","title":{"rendered":"Nombra LXVII Legislatura a comisionados y secretario Ejecutivo de la CEAPP"},"content":{"rendered":"<ul style=\"font-weight: 400;\">\n<li><strong>Avalan diputadas y diputados la propuesta de la gobernadora del estado, ingeniera Norma Roc\u00edo Nahle Garc\u00eda.<\/strong><\/li>\n<\/ul>\n<p style=\"font-weight: 400;\"><span style=\"font-size: 1rem;\">Xalapa, Ver.- A propuesta de la gobernadora del estado, ingeniera Norma Roc\u00edo Nahle Garc\u00eda, el Pleno de la LXVII Legislatura nombr\u00f3 a los nuevos comisionados y secretario Ejecutivo de la Comisi\u00f3n Estatal para la Atenci\u00f3n y Protecci\u00f3n de los Periodistas (CEAPP), ante la conclusi\u00f3n del periodo (17 de diciembre) de quienes ostentaban dichos cargos.<\/span><\/p>\n<p style=\"font-weight: 400;\"><span style=\"font-size: 1rem;\">En uso de las atribuciones conferidas por la Constituci\u00f3n Pol\u00edtica del Estado, as\u00ed como por las Leyes Org\u00e1nica del Poder Ejecutivo y de la Comisi\u00f3n Estatal para la Atenci\u00f3n y Protecci\u00f3n de los Periodistas, la gobernadora present\u00f3 a nueve personas para que asuman el cargo de comisionado o comisionada, as\u00ed como un secretario Ejecutivo.<\/span><\/p>\n<p style=\"font-weight: 400;\"><span style=\"font-size: 1rem;\">En el cap\u00edtulo relacionado con Periodistas, se integr\u00f3 por las ciudadanos y los ciudadanos Luis Orencio Ram\u00edrez Baqueiro, Martha Ang\u00e9lica Mart\u00ednez Cuicahua, Mar\u00eda Alejandra Herrera G\u00f3mez y Roberto P\u00e9rez L\u00f3pez.<\/span><\/p>\n<p style=\"font-weight: 400;\"><span style=\"font-size: 1rem;\">Respecto a propietarios o directivos de medios de comunicaci\u00f3n, qued\u00f3 conformado por los ciudadanos Pablo Jair Ortega D\u00edaz y Bernardo Velasco Guzm\u00e1n.<\/span><\/p>\n<p style=\"font-weight: 400;\"><span style=\"font-size: 1rem;\">En lo relativo a representantes de organizaciones no gubernamentales, fueron nombradas las ciudadanas Lizbeth Arg\u00fcelles Hern\u00e1ndez y Ariadna Lezama Palma.<\/span><\/p>\n<p style=\"font-weight: 400;\"><span style=\"font-size: 1rem;\">El acad\u00e9mico dedicado a tareas de ense\u00f1anza, Ra\u00fal Dom\u00ednguez Pinto y como secretario Ejecutivo, Tulio Moreno Alvarado.<\/span><\/p>\n<p style=\"font-weight: 400;\"><span style=\"font-size: 1rem;\">Tras su aprobaci\u00f3n por el Pleno, la presidenta de la Mesa Directiva de la LXVII Legislatura, diputada Tanya Carola Viveros Ch\u00e1zaros, les tom\u00f3 la protesta de ley.<\/span><\/p>\n<p style=\"font-weight: 400;\"><span style=\"font-size: 1rem;\">Conforme al Art\u00edculo 9 de la Ley de la Comisi\u00f3n Estatal para la Atenci\u00f3n y Protecci\u00f3n de los Periodistas, los comisionados y el secretario Ejecutivo ser\u00e1n nombrados por el Congreso del Estado, con el voto de las dos terceras partes de los diputados presentes, a propuesta del gobernador o gobernadora del estado, y durar\u00e1n en su encargo cuatro a\u00f1os con posibilidad de reelecci\u00f3n por una sola ocasi\u00f3n.\u00a0<\/span><\/p>\n<p style=\"font-weight: 400;\"><span style=\"font-size: 1rem;\">Las y los comisionados elegir\u00e1n, de entre sus pares, a quien se desempe\u00f1ar\u00e1 como presidente de la comisi\u00f3n. El presidente durar\u00e1 en su cargo dos a\u00f1os, con posibilidad de una sola reelecci\u00f3n.<\/span><\/p>\n","protected":false},"excerpt":{"rendered":"<p>Avalan diputadas y diputados la propuesta de la gobernadora del estado, ingeniera Norma Roc\u00edo Nahle Garc\u00eda. Xalapa, Ver.- A propuesta de la gobernadora del estado, ingeniera Norma Roc\u00edo Nahle Garc\u00eda, el Pleno de la LXVII Legislatura nombr\u00f3 a los nuevos comisionados y secretario Ejecutivo de la Comisi\u00f3n Estatal para la Atenci\u00f3n y Protecci\u00f3n de los [&hellip;]<\/p>\n","protected":false},"author":2476,"featured_media":62153,"comment_status":"open","ping_status":"open","sticky":false,"template":"","format":"standard","meta":{"_jetpack_memberships_contains_paid_content":false,"footnotes":""},"categories":[2],"tags":[],"class_list":["post-62152","post","type-post","status-publish","format-standard","has-post-thumbnail","hentry","category-estado"],"jetpack_featured_media_url":"https:\/\/encuentroinformativo.com.mx\/wp-content\/uploads\/2024\/12\/NOV20DIC2024CEAPP2.jpeg","jetpack_sharing_enabled":true,"jetpack_likes_enabled":true,"amp_enabled":true,"_links":{"self":[{"href":"https:\/\/encuentroinformativo.com.mx\/index.php?rest_route=\/wp\/v2\/posts\/62152","targetHints":{"allow":["GET"]}}],"collection":[{"href":"https:\/\/encuentroinformativo.com.mx\/index.php?rest_route=\/wp\/v2\/posts"}],"about":[{"href":"https:\/\/encuentroinformativo.com.mx\/index.php?rest_route=\/wp\/v2\/types\/post"}],"author":[{"embeddable":true,"href":"https:\/\/encuentroinformativo.com.mx\/index.php?rest_route=\/wp\/v2\/users\/2476"}],"replies":[{"embeddable":true,"href":"https:\/\/encuentroinformativo.com.mx\/index.php?rest_route=%2Fwp%2Fv2%2Fcomments&post=62152"}],"version-history":[{"count":1,"href":"https:\/\/encuentroinformativo.com.mx\/index.php?rest_route=\/wp\/v2\/posts\/62152\/revisions"}],"predecessor-version":[{"id":62154,"href":"https:\/\/encuentroinformativo.com.mx\/index.php?rest_route=\/wp\/v2\/posts\/62152\/revisions\/62154"}],"wp:featuredmedia":[{"embeddable":true,"href":"https:\/\/encuentroinformativo.com.mx\/index.php?rest_route=\/wp\/v2\/media\/62153"}],"wp:attachment":[{"href":"https:\/\/encuentroinformativo.com.mx\/index.php?rest_route=%2Fwp%2Fv2%2Fmedia&parent=62152"}],"wp:term":[{"taxonomy":"category","embeddable":true,"href":"https:\/\/encuentroinformativo.com.mx\/index.php?rest_route=%2Fwp%2Fv2%2Fcategories&post=62152"},{"taxonomy":"post_tag","embeddable":true,"href":"https:\/\/encuentroinformativo.com.mx\/index.php?rest_route=%2Fwp%2Fv2%2Ftags&post=62152"}],"curies":[{"name":"wp","href":"https:\/\/api.w.org\/{rel}","templated":true}]}}