{"id":62167,"date":"2024-12-21T12:54:35","date_gmt":"2024-12-21T18:54:35","guid":{"rendered":"https:\/\/encuentroinformativo.com.mx\/?p=62167"},"modified":"2024-12-21T12:54:35","modified_gmt":"2024-12-21T18:54:35","slug":"realizan-brindis-navideno-con-periodistas-que-cubren-la-fuente-legislativa","status":"publish","type":"post","link":"https:\/\/encuentroinformativo.com.mx\/?p=62167","title":{"rendered":"Realizan brindis navide\u00f1o con periodistas que cubren la fuente legislativa"},"content":{"rendered":"<ul style=\"font-weight: 400;\">\n<li><strong>El diputado Esteban Bautista Hern\u00e1ndez y la diputada Bertha Rosal\u00eda Ahued Malpica expresan sus mejores deseos para quienes mantienen informada a la sociedad veracruzana.<\/strong><\/li>\n<\/ul>\n<p style=\"font-weight: 400;\"><span style=\"font-size: 1rem;\">Xalapa, Ver.- Con motivo de las fiestas decembrinas, el presidente de la Junta de Coordinaci\u00f3n Pol\u00edtica (Jucopo), diputado Esteban Bautista Hern\u00e1ndez y la presidenta de la Comisi\u00f3n Permanente de Atenci\u00f3n y Protecci\u00f3n de Periodistas, diputada Bertha Rosal\u00eda Ahued Malpica, realizaron un brindis con las y los reporteros y personas de medios de comunicaci\u00f3n que cubren la fuente legislativa.<\/span><\/p>\n<p style=\"font-weight: 400;\"><span style=\"font-size: 1rem;\">En la sala de prensa Regina Mart\u00ednez de este Congreso, el legislador Esteban Bautista dirigi\u00f3 su mensaje, en el cual expres\u00f3 su benepl\u00e1cito por convivir con las personas que d\u00eda a d\u00eda cubren las actividades que se realizan en el Poder Legislativo y que por consiguiente mantienen informada a la sociedad veracruzana.<\/span><\/p>\n<p style=\"font-weight: 400;\"><span style=\"font-size: 1rem;\">El diputado destac\u00f3 la importancia de la convivencia familiar en esta \u00e9poca de navidad y fin de a\u00f1o, \u201cvaloro que estemos aqu\u00ed, porque en ocasiones alg\u00fan amigo o familiar est\u00e1 enfermo o no est\u00e1, ya las cosas no son igual\u201d.<\/span><\/p>\n<p style=\"font-weight: 400;\"><span style=\"font-size: 1rem;\">Posteriormente y tras refrendar su compromiso con mantener una pol\u00edtica de puertas abiertas y de di\u00e1logo, dese\u00f3 que todas y todos se la pasen bien en compa\u00f1\u00eda de sus familias, toda vez que \u2013indic\u00f3- el reunirse con nuestras hijas, hijos, padres, madres o amigos es un acto maravilloso.\u00a0\u00a0<\/span><\/p>\n<p style=\"font-weight: 400;\"><span style=\"font-size: 1rem;\">La diputada Bertha Ahued expres\u00f3 que diciembre es una \u00e9poca de alegr\u00eda y que es tambi\u00e9n el momento propicio para dar gracias, desde el coraz\u00f3n, por las experiencias vividas durante el a\u00f1o. \u201cDesde la Comisi\u00f3n de Atenci\u00f3n y Protecci\u00f3n de Periodistas, que me honro en presidir, siempre estar\u00e9 para ustedes, ya que el periodismo es algo que llevo en la sangre\u201d.<\/span><\/p>\n<p style=\"font-weight: 400;\"><span style=\"font-size: 1rem;\">Estuvieron presentes en este convivio el diputado Rafael Gustavo Fararoni Maga\u00f1a y el coordinador de Comunicaci\u00f3n Social del Congreso, Esa\u00fa Valencia Heredia.<\/span><\/p>\n<p><img loading=\"lazy\" decoding=\"async\" class=\"alignnone size-medium wp-image-62169\" src=\"https:\/\/encuentroinformativo.com.mx\/wp-content\/uploads\/2024\/12\/NOV20DIC2024BRINDISNAVIDAD1-300x200.jpeg\" alt=\"\" width=\"300\" height=\"200\" srcset=\"https:\/\/encuentroinformativo.com.mx\/wp-content\/uploads\/2024\/12\/NOV20DIC2024BRINDISNAVIDAD1-300x200.jpeg 300w, https:\/\/encuentroinformativo.com.mx\/wp-content\/uploads\/2024\/12\/NOV20DIC2024BRINDISNAVIDAD1-1024x683.jpeg 1024w, https:\/\/encuentroinformativo.com.mx\/wp-content\/uploads\/2024\/12\/NOV20DIC2024BRINDISNAVIDAD1-768x512.jpeg 768w, https:\/\/encuentroinformativo.com.mx\/wp-content\/uploads\/2024\/12\/NOV20DIC2024BRINDISNAVIDAD1.jpeg 1280w\" sizes=\"auto, (max-width: 300px) 100vw, 300px\" \/><\/p>\n","protected":false},"excerpt":{"rendered":"<p>El diputado Esteban Bautista Hern\u00e1ndez y la diputada Bertha Rosal\u00eda Ahued Malpica expresan sus mejores deseos para quienes mantienen informada a la sociedad veracruzana. Xalapa, Ver.- Con motivo de las fiestas decembrinas, el presidente de la Junta de Coordinaci\u00f3n Pol\u00edtica (Jucopo), diputado Esteban Bautista Hern\u00e1ndez y la presidenta de la Comisi\u00f3n Permanente de Atenci\u00f3n y [&hellip;]<\/p>\n","protected":false},"author":2476,"featured_media":62168,"comment_status":"open","ping_status":"open","sticky":false,"template":"","format":"standard","meta":{"_jetpack_memberships_contains_paid_content":false,"footnotes":""},"categories":[2],"tags":[],"class_list":["post-62167","post","type-post","status-publish","format-standard","has-post-thumbnail","hentry","category-estado"],"jetpack_featured_media_url":"https:\/\/encuentroinformativo.com.mx\/wp-content\/uploads\/2024\/12\/NOV20DIC2024BRINDISNAVIDAD2.jpeg","jetpack_sharing_enabled":true,"jetpack_likes_enabled":true,"amp_enabled":true,"_links":{"self":[{"href":"https:\/\/encuentroinformativo.com.mx\/index.php?rest_route=\/wp\/v2\/posts\/62167","targetHints":{"allow":["GET"]}}],"collection":[{"href":"https:\/\/encuentroinformativo.com.mx\/index.php?rest_route=\/wp\/v2\/posts"}],"about":[{"href":"https:\/\/encuentroinformativo.com.mx\/index.php?rest_route=\/wp\/v2\/types\/post"}],"author":[{"embeddable":true,"href":"https:\/\/encuentroinformativo.com.mx\/index.php?rest_route=\/wp\/v2\/users\/2476"}],"replies":[{"embeddable":true,"href":"https:\/\/encuentroinformativo.com.mx\/index.php?rest_route=%2Fwp%2Fv2%2Fcomments&post=62167"}],"version-history":[{"count":1,"href":"https:\/\/encuentroinformativo.com.mx\/index.php?rest_route=\/wp\/v2\/posts\/62167\/revisions"}],"predecessor-version":[{"id":62170,"href":"https:\/\/encuentroinformativo.com.mx\/index.php?rest_route=\/wp\/v2\/posts\/62167\/revisions\/62170"}],"wp:featuredmedia":[{"embeddable":true,"href":"https:\/\/encuentroinformativo.com.mx\/index.php?rest_route=\/wp\/v2\/media\/62168"}],"wp:attachment":[{"href":"https:\/\/encuentroinformativo.com.mx\/index.php?rest_route=%2Fwp%2Fv2%2Fmedia&parent=62167"}],"wp:term":[{"taxonomy":"category","embeddable":true,"href":"https:\/\/encuentroinformativo.com.mx\/index.php?rest_route=%2Fwp%2Fv2%2Fcategories&post=62167"},{"taxonomy":"post_tag","embeddable":true,"href":"https:\/\/encuentroinformativo.com.mx\/index.php?rest_route=%2Fwp%2Fv2%2Ftags&post=62167"}],"curies":[{"name":"wp","href":"https:\/\/api.w.org\/{rel}","templated":true}]}}