{"id":62185,"date":"2024-12-23T12:38:09","date_gmt":"2024-12-23T18:38:09","guid":{"rendered":"https:\/\/encuentroinformativo.com.mx\/?p=62185"},"modified":"2024-12-23T12:38:09","modified_gmt":"2024-12-23T18:38:09","slug":"se-registro-primera-nevada-en-cofre-de-perote-2","status":"publish","type":"post","link":"https:\/\/encuentroinformativo.com.mx\/?p=62185","title":{"rendered":"Se registr\u00f3 primera nevada en Cofre de Perote"},"content":{"rendered":"<p><strong><span style=\"font-size: 1rem;\">Dar\u00edo Pale<\/span><\/strong><\/p>\n<p>Xalapa, Ver.- Se registra la primera nevada en el Cofre de Perote de la temporada invernal fue ligera, as\u00ed lo dio a conocer la coordinadora de la Comisi\u00f3n Nacional de Agua, Jessica Luna Lagunes.<\/p>\n<p>El fen\u00f3meno se registr\u00f3 a m\u00e1s de 3 mil metros sobre el nivel del mar, en donde las condiciones fueron las propicias para este espect\u00e1culo que ofrece la naturaleza.<\/p>\n<p>A trav\u00e9s de redes sociales la meteor\u00f3loga, expuso que la nevada fue ligera y se espera que perdure pocas horas, aunque, continuar\u00e1n las condiciones de fr\u00edo y humedad por lo que podr\u00eda registrarse nuevamente la nevada.<\/p>\n<p>&#8220;Se registr\u00f3 la primera nevada de la temporada 2024-2025 en el Cofre de Perote y muy probablemente contin\u00fae esta noche y madrugada del lunes&#8221;, poste\u00f3 en su red social.<\/p>\n<p>En ese sentido, hizo un llamado a la poblaci\u00f3n que si decide subir a la monta\u00f1a acate las recomendaciones de las autoridades y que acuda con las debidas medidas de precauci\u00f3n y con equipo especial de monta\u00f1a o que cubra las especificaciones de la zona como botas, chamarras abrigadores, guantes, gorros y buena condici\u00f3n f\u00edsica.<\/p>\n<p>&#8220;Se recomienda atender las indicaciones de Protecci\u00f3n Civil y CONANP&#8221;, coment\u00f3.<\/p>\n<p>Por \u00faltimo cabe mencionar, que cuando se registran las nevadas la zona queda cerrada a la circulaci\u00f3n vehicular aun cuando acudan con veh\u00edculos 4&#215;4 no hay acceso para evitar accidentes.<\/p>\n<p><img loading=\"lazy\" decoding=\"async\" class=\"alignnone size-medium wp-image-62187\" src=\"https:\/\/encuentroinformativo.com.mx\/wp-content\/uploads\/2024\/12\/IMG-20241223-WA0100-225x300.jpg\" alt=\"\" width=\"225\" height=\"300\" srcset=\"https:\/\/encuentroinformativo.com.mx\/wp-content\/uploads\/2024\/12\/IMG-20241223-WA0100-225x300.jpg 225w, https:\/\/encuentroinformativo.com.mx\/wp-content\/uploads\/2024\/12\/IMG-20241223-WA0100-768x1024.jpg 768w, https:\/\/encuentroinformativo.com.mx\/wp-content\/uploads\/2024\/12\/IMG-20241223-WA0100.jpg 960w\" sizes=\"auto, (max-width: 225px) 100vw, 225px\" \/><\/p>\n","protected":false},"excerpt":{"rendered":"<p>Dar\u00edo Pale Xalapa, Ver.- Se registra la primera nevada en el Cofre de Perote de la temporada invernal fue ligera, as\u00ed lo dio a conocer la coordinadora de la Comisi\u00f3n Nacional de Agua, Jessica Luna Lagunes. El fen\u00f3meno se registr\u00f3 a m\u00e1s de 3 mil metros sobre el nivel del mar, en donde las condiciones [&hellip;]<\/p>\n","protected":false},"author":2476,"featured_media":62186,"comment_status":"open","ping_status":"open","sticky":false,"template":"","format":"standard","meta":{"_jetpack_memberships_contains_paid_content":false,"footnotes":""},"categories":[8],"tags":[],"class_list":["post-62185","post","type-post","status-publish","format-standard","has-post-thumbnail","hentry","category-region"],"jetpack_featured_media_url":"https:\/\/encuentroinformativo.com.mx\/wp-content\/uploads\/2024\/12\/IMG-20241223-WA0101.jpg","jetpack_sharing_enabled":true,"jetpack_likes_enabled":true,"amp_enabled":true,"_links":{"self":[{"href":"https:\/\/encuentroinformativo.com.mx\/index.php?rest_route=\/wp\/v2\/posts\/62185","targetHints":{"allow":["GET"]}}],"collection":[{"href":"https:\/\/encuentroinformativo.com.mx\/index.php?rest_route=\/wp\/v2\/posts"}],"about":[{"href":"https:\/\/encuentroinformativo.com.mx\/index.php?rest_route=\/wp\/v2\/types\/post"}],"author":[{"embeddable":true,"href":"https:\/\/encuentroinformativo.com.mx\/index.php?rest_route=\/wp\/v2\/users\/2476"}],"replies":[{"embeddable":true,"href":"https:\/\/encuentroinformativo.com.mx\/index.php?rest_route=%2Fwp%2Fv2%2Fcomments&post=62185"}],"version-history":[{"count":1,"href":"https:\/\/encuentroinformativo.com.mx\/index.php?rest_route=\/wp\/v2\/posts\/62185\/revisions"}],"predecessor-version":[{"id":62188,"href":"https:\/\/encuentroinformativo.com.mx\/index.php?rest_route=\/wp\/v2\/posts\/62185\/revisions\/62188"}],"wp:featuredmedia":[{"embeddable":true,"href":"https:\/\/encuentroinformativo.com.mx\/index.php?rest_route=\/wp\/v2\/media\/62186"}],"wp:attachment":[{"href":"https:\/\/encuentroinformativo.com.mx\/index.php?rest_route=%2Fwp%2Fv2%2Fmedia&parent=62185"}],"wp:term":[{"taxonomy":"category","embeddable":true,"href":"https:\/\/encuentroinformativo.com.mx\/index.php?rest_route=%2Fwp%2Fv2%2Fcategories&post=62185"},{"taxonomy":"post_tag","embeddable":true,"href":"https:\/\/encuentroinformativo.com.mx\/index.php?rest_route=%2Fwp%2Fv2%2Ftags&post=62185"}],"curies":[{"name":"wp","href":"https:\/\/api.w.org\/{rel}","templated":true}]}}