{"id":62189,"date":"2024-12-23T14:17:48","date_gmt":"2024-12-23T20:17:48","guid":{"rendered":"https:\/\/encuentroinformativo.com.mx\/?p=62189"},"modified":"2024-12-23T14:17:48","modified_gmt":"2024-12-23T20:17:48","slug":"a-nueve-anos-recuerdan-jubilados-represion-de-policias","status":"publish","type":"post","link":"https:\/\/encuentroinformativo.com.mx\/?p=62189","title":{"rendered":"\u00a1A nueve a\u00f1os!; Recuerdan jubilados represi\u00f3n de polic\u00edas"},"content":{"rendered":"<p><strong><span style=\"font-size: 1rem;\">Dar\u00edo Pale<\/span><\/strong><\/p>\n<p>Xalapa, Ver.- Con la finalidad de recordar la represi\u00f3n que de parte de polic\u00edas estatales sufrieron hace 9 a\u00f1os cuando reclamaban el pago de sus pensiones y aguinaldos los jubilados y pensionados de Veracruz se concentraron en la plaza Lerdo de Xalapa.<\/p>\n<p>En entrevista Sergio Tellez Galv\u00e1n presidente de la Coalici\u00f3n de Pensionados Independientes del Estado de Veracruz (COPIPEV), record\u00f3 que el 23 de diciembre de 2015 un contingente de jubiladas y pensionados reclamaron con una manifestaci\u00f3n frente al palacio de gobierno sus pagos, en respuesta los polic\u00edas estatales los desalojaron.<\/p>\n<p>Desde entonces iniciaron una investigaci\u00f3n para esclarecer los hechos, misma que no ha tenido respuesta hasta ahora.<\/p>\n<p>&#8220;Hemos tenido 8 fiscales y por una raz\u00f3n o por otra no avanza la investigaci\u00f3n. Es lo que demandamos&#8221;, se\u00f1al\u00f3.<\/p>\n<p>Durante dicha concentraci\u00f3n tambi\u00e9n pidieron que se aclare el manejo del fondo de la reserva t\u00e9cnica del IPE y el pago de las pensiones, pues se\u00f1alan que hay m\u00e1s de mil 600 millones de pesos que no fueron devueltos de parte del gobierno estatal.<\/p>\n<p>Los pensionados lamentaron que hasta ahora el gobierno estatal a trav\u00e9s del ex gobernador Cuitl\u00e1huac Garc\u00eda haya pedido una disculpa p\u00fablica, pero no se ha reparado el da\u00f1o psicol\u00f3gico.<\/p>\n<p>&#8220;Despu\u00e9s de 9 a\u00f1os seguimos teniendo miedo de que el gobierno nos falle de nuevo. Existe tambi\u00e9n la reparaci\u00f3n del a\u00f1o en garantizar que el pago de las pensiones este garantizado, que no dependamos solamente de los subsidios federales porque el gobierno federal puede cambiar de opini\u00f3n y desaparecer esos fondos, por ejemplo&#8221;, coment\u00f3.<\/p>\n<p>Por \u00faltimo en ese sentido, insistieron en que la gobernadora Roc\u00edo Nahle tome en cuenta un proyecto integral para garantizar el pago de pensiones a los trabajadores.<\/p>\n","protected":false},"excerpt":{"rendered":"<p>Dar\u00edo Pale Xalapa, Ver.- Con la finalidad de recordar la represi\u00f3n que de parte de polic\u00edas estatales sufrieron hace 9 a\u00f1os cuando reclamaban el pago de sus pensiones y aguinaldos los jubilados y pensionados de Veracruz se concentraron en la plaza Lerdo de Xalapa. En entrevista Sergio Tellez Galv\u00e1n presidente de la Coalici\u00f3n de Pensionados [&hellip;]<\/p>\n","protected":false},"author":2476,"featured_media":62190,"comment_status":"open","ping_status":"open","sticky":false,"template":"","format":"standard","meta":{"_jetpack_memberships_contains_paid_content":false,"footnotes":""},"categories":[3],"tags":[],"class_list":["post-62189","post","type-post","status-publish","format-standard","has-post-thumbnail","hentry","category-xalapa"],"jetpack_featured_media_url":"https:\/\/encuentroinformativo.com.mx\/wp-content\/uploads\/2024\/12\/IMG-20241223-WA0115.jpg","jetpack_sharing_enabled":true,"jetpack_likes_enabled":true,"amp_enabled":true,"_links":{"self":[{"href":"https:\/\/encuentroinformativo.com.mx\/index.php?rest_route=\/wp\/v2\/posts\/62189","targetHints":{"allow":["GET"]}}],"collection":[{"href":"https:\/\/encuentroinformativo.com.mx\/index.php?rest_route=\/wp\/v2\/posts"}],"about":[{"href":"https:\/\/encuentroinformativo.com.mx\/index.php?rest_route=\/wp\/v2\/types\/post"}],"author":[{"embeddable":true,"href":"https:\/\/encuentroinformativo.com.mx\/index.php?rest_route=\/wp\/v2\/users\/2476"}],"replies":[{"embeddable":true,"href":"https:\/\/encuentroinformativo.com.mx\/index.php?rest_route=%2Fwp%2Fv2%2Fcomments&post=62189"}],"version-history":[{"count":1,"href":"https:\/\/encuentroinformativo.com.mx\/index.php?rest_route=\/wp\/v2\/posts\/62189\/revisions"}],"predecessor-version":[{"id":62191,"href":"https:\/\/encuentroinformativo.com.mx\/index.php?rest_route=\/wp\/v2\/posts\/62189\/revisions\/62191"}],"wp:featuredmedia":[{"embeddable":true,"href":"https:\/\/encuentroinformativo.com.mx\/index.php?rest_route=\/wp\/v2\/media\/62190"}],"wp:attachment":[{"href":"https:\/\/encuentroinformativo.com.mx\/index.php?rest_route=%2Fwp%2Fv2%2Fmedia&parent=62189"}],"wp:term":[{"taxonomy":"category","embeddable":true,"href":"https:\/\/encuentroinformativo.com.mx\/index.php?rest_route=%2Fwp%2Fv2%2Fcategories&post=62189"},{"taxonomy":"post_tag","embeddable":true,"href":"https:\/\/encuentroinformativo.com.mx\/index.php?rest_route=%2Fwp%2Fv2%2Ftags&post=62189"}],"curies":[{"name":"wp","href":"https:\/\/api.w.org\/{rel}","templated":true}]}}