{"id":62209,"date":"2024-12-24T14:38:25","date_gmt":"2024-12-24T20:38:25","guid":{"rendered":"https:\/\/encuentroinformativo.com.mx\/?p=62209"},"modified":"2024-12-24T14:38:25","modified_gmt":"2024-12-24T20:38:25","slug":"velodromo-ya-no-sera-utilizado-para-conciertos-ivd","status":"publish","type":"post","link":"https:\/\/encuentroinformativo.com.mx\/?p=62209","title":{"rendered":"Vel\u00f3dromo ya no ser\u00e1 utilizado para conciertos: IVD"},"content":{"rendered":"<p><strong><span style=\"font-size: 1rem;\">Dar\u00edo Pale<\/span><\/strong><\/p>\n<p>Xalapa, Ver.- El director del Instituto Veracruzano del Deporte (IVD) \u00d3scar Juanz Roussel, dio a conocer que el Vel\u00f3dromo Internacional de Xalapa y otros recintos deportivos ya no se usar\u00e1n para conciertos ni eventos culturales, sociales o pol\u00edticos, pues regresar\u00e1n las disciplinas para las que realmente fue construido.<\/p>\n<p>En entrevista se\u00f1al\u00f3 que, &#8220;lo que estamos haciendo por instrucciones de la gobernadora Roc\u00edo Nahle es regresar los deportes a sus espacios naturales como son los espacios deportivos. Quitar la idea de que los espacios deportivos son espacios de conciertos o lugares art\u00edsticos&#8221;.<\/p>\n<p>En el caso del Vel\u00f3dromo Internacional de Xalapa, explic\u00f3 que hasta enero del 2025 deber\u00e1n cumplirse contratos de espect\u00e1culos que hered\u00f3 de la pasada administraci\u00f3n, pero una vez concluidos dichos compromisos se reforzar\u00e1 el uso de este espacio para el entrenamiento y pr\u00e1ctica de 12 disciplinas, entre ellas: esgrima, levantamiento de pesas, boxeo, Muay Thai, tiro con arco, voleibol, b\u00e1squetbol y el ciclismo de pista.<\/p>\n<p>\u00d3scar Juanz explic\u00f3 que el Vel\u00f3dromo de Xalapa no era un espacio para conciertos, pues toda su base y la cimentaci\u00f3n de la pista de \u00e9ste, que es uno de los cuatro mejores de Latinoam\u00e9rica, es de madera y podr\u00eda resultar afectada por la vibraci\u00f3n de la m\u00fasica<\/p>\n<p>Por \u00faltimo dijo que lo mismo proceder\u00e1 para la Arena Veracruz, espacio ubicado en el puerto. Ambas, dijo, son las infraestructuras m\u00e1s importantes que tiene el Gobierno del Estado a trav\u00e9s del Instituto Veracruzano del Deporte.<\/p>\n","protected":false},"excerpt":{"rendered":"<p>Dar\u00edo Pale Xalapa, Ver.- El director del Instituto Veracruzano del Deporte (IVD) \u00d3scar Juanz Roussel, dio a conocer que el Vel\u00f3dromo Internacional de Xalapa y otros recintos deportivos ya no se usar\u00e1n para conciertos ni eventos culturales, sociales o pol\u00edticos, pues regresar\u00e1n las disciplinas para las que realmente fue construido. En entrevista se\u00f1al\u00f3 que, &#8220;lo [&hellip;]<\/p>\n","protected":false},"author":2476,"featured_media":62210,"comment_status":"open","ping_status":"open","sticky":false,"template":"","format":"standard","meta":{"_jetpack_memberships_contains_paid_content":false,"footnotes":""},"categories":[3],"tags":[],"class_list":["post-62209","post","type-post","status-publish","format-standard","has-post-thumbnail","hentry","category-xalapa"],"jetpack_featured_media_url":"https:\/\/encuentroinformativo.com.mx\/wp-content\/uploads\/2024\/12\/IMG-20241224-WA0088.jpg","jetpack_sharing_enabled":true,"jetpack_likes_enabled":true,"amp_enabled":true,"_links":{"self":[{"href":"https:\/\/encuentroinformativo.com.mx\/index.php?rest_route=\/wp\/v2\/posts\/62209","targetHints":{"allow":["GET"]}}],"collection":[{"href":"https:\/\/encuentroinformativo.com.mx\/index.php?rest_route=\/wp\/v2\/posts"}],"about":[{"href":"https:\/\/encuentroinformativo.com.mx\/index.php?rest_route=\/wp\/v2\/types\/post"}],"author":[{"embeddable":true,"href":"https:\/\/encuentroinformativo.com.mx\/index.php?rest_route=\/wp\/v2\/users\/2476"}],"replies":[{"embeddable":true,"href":"https:\/\/encuentroinformativo.com.mx\/index.php?rest_route=%2Fwp%2Fv2%2Fcomments&post=62209"}],"version-history":[{"count":1,"href":"https:\/\/encuentroinformativo.com.mx\/index.php?rest_route=\/wp\/v2\/posts\/62209\/revisions"}],"predecessor-version":[{"id":62211,"href":"https:\/\/encuentroinformativo.com.mx\/index.php?rest_route=\/wp\/v2\/posts\/62209\/revisions\/62211"}],"wp:featuredmedia":[{"embeddable":true,"href":"https:\/\/encuentroinformativo.com.mx\/index.php?rest_route=\/wp\/v2\/media\/62210"}],"wp:attachment":[{"href":"https:\/\/encuentroinformativo.com.mx\/index.php?rest_route=%2Fwp%2Fv2%2Fmedia&parent=62209"}],"wp:term":[{"taxonomy":"category","embeddable":true,"href":"https:\/\/encuentroinformativo.com.mx\/index.php?rest_route=%2Fwp%2Fv2%2Fcategories&post=62209"},{"taxonomy":"post_tag","embeddable":true,"href":"https:\/\/encuentroinformativo.com.mx\/index.php?rest_route=%2Fwp%2Fv2%2Ftags&post=62209"}],"curies":[{"name":"wp","href":"https:\/\/api.w.org\/{rel}","templated":true}]}}