{"id":62220,"date":"2024-12-25T13:29:50","date_gmt":"2024-12-25T19:29:50","guid":{"rendered":"https:\/\/encuentroinformativo.com.mx\/?p=62220"},"modified":"2024-12-25T13:29:50","modified_gmt":"2024-12-25T19:29:50","slug":"nombran-a-veracruzana-miss-earth-y-representara-a-mexico-en-filipinas","status":"publish","type":"post","link":"https:\/\/encuentroinformativo.com.mx\/?p=62220","title":{"rendered":"Nombran a veracruzana Miss Earth y representar\u00e1 a M\u00e9xico en Filipinas"},"content":{"rendered":"<p><strong style=\"font-size: 1rem;\">Alejandro \u00c1vila<\/strong><\/p>\n<p>Veracruz, Ver.- Veracruz tiene nueva reina de belleza nacional, se trata de G\u00e9nesis Vera, quien ha sido designada por la direcci\u00f3n nacional a cargo de Paul Marsell como Miss Earth M\u00e9xico 2025.<\/p>\n<p>G\u00e9nesis Vera, de 24 a\u00f1os de edad y originaria de Boca del R\u00edo, Veracruz, representar\u00e1 a M\u00e9xico en el certamen internacional pr\u00f3ximo a realizarse en Filipinas.<\/p>\n<p>Paul Marsell, director de Miss Earth M\u00e9xico, tuvo a bien designar a la nueva Miss Earth para que tenga m\u00e1s de medio a\u00f1o de preparaci\u00f3n y llegue al lejano pa\u00eds de Filipinas con todas las herramientas para desempe\u00f1ar un gran papel.<\/p>\n<p>G\u00e9nesis Vera, Miss Earth M\u00e9xico 2025, es licenciada en Idiomas y se desempe\u00f1a como modelo profesional y ha ganado diversos cert\u00e1menes de belleza por lo que su experiencia es amplia, adem\u00e1s de sus aptitudes en desenvolvimiento esc\u00e9nico, pasarela y cultura en general.<\/p>\n<p>Cabe se\u00f1alar que en los primeros meses del 2025, G\u00e9nesis Vera recibir\u00e1 de forma oficial su investidura como Miss Earth M\u00e9xico.<\/p>\n<p>Con G\u00e9nesis Vera, la direcci\u00f3n estatal de Miss Earth Veracruz, a cargo de Jes\u00fas Montoya S\u00e1nchez y Paco Morales, tienen en su haber tres reinas Earth nacionales: Indira P\u00e9rez Meneses (2020); Patricia Lagunes (2024), que es veracruzana y por invitaci\u00f3n represent\u00f3 a Tamaulipas; y la propia G\u00e9nesis.<\/p>\n","protected":false},"excerpt":{"rendered":"<p>Alejandro \u00c1vila Veracruz, Ver.- Veracruz tiene nueva reina de belleza nacional, se trata de G\u00e9nesis Vera, quien ha sido designada por la direcci\u00f3n nacional a cargo de Paul Marsell como Miss Earth M\u00e9xico 2025. G\u00e9nesis Vera, de 24 a\u00f1os de edad y originaria de Boca del R\u00edo, Veracruz, representar\u00e1 a M\u00e9xico en el certamen internacional [&hellip;]<\/p>\n","protected":false},"author":2476,"featured_media":62221,"comment_status":"open","ping_status":"open","sticky":false,"template":"","format":"standard","meta":{"_jetpack_memberships_contains_paid_content":false,"footnotes":""},"categories":[2],"tags":[],"class_list":["post-62220","post","type-post","status-publish","format-standard","has-post-thumbnail","hentry","category-estado"],"jetpack_featured_media_url":"https:\/\/encuentroinformativo.com.mx\/wp-content\/uploads\/2024\/12\/IMG-20241225-WA0016.jpg","jetpack_sharing_enabled":true,"jetpack_likes_enabled":true,"amp_enabled":true,"_links":{"self":[{"href":"https:\/\/encuentroinformativo.com.mx\/index.php?rest_route=\/wp\/v2\/posts\/62220","targetHints":{"allow":["GET"]}}],"collection":[{"href":"https:\/\/encuentroinformativo.com.mx\/index.php?rest_route=\/wp\/v2\/posts"}],"about":[{"href":"https:\/\/encuentroinformativo.com.mx\/index.php?rest_route=\/wp\/v2\/types\/post"}],"author":[{"embeddable":true,"href":"https:\/\/encuentroinformativo.com.mx\/index.php?rest_route=\/wp\/v2\/users\/2476"}],"replies":[{"embeddable":true,"href":"https:\/\/encuentroinformativo.com.mx\/index.php?rest_route=%2Fwp%2Fv2%2Fcomments&post=62220"}],"version-history":[{"count":1,"href":"https:\/\/encuentroinformativo.com.mx\/index.php?rest_route=\/wp\/v2\/posts\/62220\/revisions"}],"predecessor-version":[{"id":62222,"href":"https:\/\/encuentroinformativo.com.mx\/index.php?rest_route=\/wp\/v2\/posts\/62220\/revisions\/62222"}],"wp:featuredmedia":[{"embeddable":true,"href":"https:\/\/encuentroinformativo.com.mx\/index.php?rest_route=\/wp\/v2\/media\/62221"}],"wp:attachment":[{"href":"https:\/\/encuentroinformativo.com.mx\/index.php?rest_route=%2Fwp%2Fv2%2Fmedia&parent=62220"}],"wp:term":[{"taxonomy":"category","embeddable":true,"href":"https:\/\/encuentroinformativo.com.mx\/index.php?rest_route=%2Fwp%2Fv2%2Fcategories&post=62220"},{"taxonomy":"post_tag","embeddable":true,"href":"https:\/\/encuentroinformativo.com.mx\/index.php?rest_route=%2Fwp%2Fv2%2Ftags&post=62220"}],"curies":[{"name":"wp","href":"https:\/\/api.w.org\/{rel}","templated":true}]}}