{"id":62244,"date":"2024-12-26T17:04:59","date_gmt":"2024-12-26T23:04:59","guid":{"rendered":"https:\/\/encuentroinformativo.com.mx\/?p=62244"},"modified":"2024-12-26T17:04:59","modified_gmt":"2024-12-26T23:04:59","slug":"saldo-de-cinco-personas-fallecidas-en-fiestas-navidenas","status":"publish","type":"post","link":"https:\/\/encuentroinformativo.com.mx\/?p=62244","title":{"rendered":"Saldo de cinco personas fallecidas en fiestas navide\u00f1as"},"content":{"rendered":"<p><strong><span style=\"font-size: 1rem;\">Dar\u00edo Pale<\/span><\/strong><\/p>\n<p>Xalapa, Ver.- Durante las fiestas del 23 a la madrugada del 26 de diciembre, hay un saldo de cinco personas fallecidas uno de estos vinculado a la delincuencia, as\u00ed lo inform\u00f3 la gobernadora Roc\u00edo Nahle Garc\u00eda.<\/p>\n<p>En entrevista, previa a la primera Junta de Administraci\u00f3n de la CAEV, explic\u00f3 que durante la Mesa de Seguridad, de este jueves, se revisaron diversos asuntos.<\/p>\n<p>&#8220;Hubo 5 fallecidos, solamente una persona registrada por delincuencia, los otros 4 temas fueron de diferencias personales&#8221;, se\u00f1al\u00f3.<\/p>\n<p>En ese sentido, puntualiz\u00f3 que de esos, dos de esos hechos se registraron en Altotonga, uno m\u00e1s en Coatzacoalcos, el que est\u00e1 vinculado con delincuencia organizada fue en el municipio de San Rafael, por lo que la Fiscal\u00eda General del Estado ya lo est\u00e1 investigando.<\/p>\n<p>La titular del Poder Ejecutivo coment\u00f3 que son d\u00edas de fiestas, pero tambi\u00e9n d\u00edas en que los ciudadanos deben tener prudencia.<\/p>\n<p>En el caso del incendio de la pasteler\u00eda Dauz\u00f3n, del municipio de Poza Rica, confirm\u00f3 que hay 4 personas detenidas.<\/p>\n<p>Subray\u00f3 que para ello se llev\u00f3 a cabo un operativo coordinado con la Secretar\u00eda de Marina, Secretar\u00eda de la Defensa Nacional y la Secretar\u00eda de Seguridad P\u00fablica.<\/p>\n<p>Por otra parte, la Gobernadora envi\u00f3 un mensaje a los veracruzanos, por el pr\u00f3ximo 31 de diciembre.<\/p>\n<p>Finalmente coment\u00f3, &#8220;a pasar el fin de a\u00f1o en nuestro bello estado, con todas nuestras tradiciones, en todo Veracruz, para que vengan a visitarnos en todo el Estado, con todo mi cari\u00f1o y mi afecto&#8221;.<\/p>\n","protected":false},"excerpt":{"rendered":"<p>Dar\u00edo Pale Xalapa, Ver.- Durante las fiestas del 23 a la madrugada del 26 de diciembre, hay un saldo de cinco personas fallecidas uno de estos vinculado a la delincuencia, as\u00ed lo inform\u00f3 la gobernadora Roc\u00edo Nahle Garc\u00eda. En entrevista, previa a la primera Junta de Administraci\u00f3n de la CAEV, explic\u00f3 que durante la Mesa [&hellip;]<\/p>\n","protected":false},"author":2476,"featured_media":62243,"comment_status":"open","ping_status":"open","sticky":false,"template":"","format":"standard","meta":{"_jetpack_memberships_contains_paid_content":false,"footnotes":""},"categories":[2],"tags":[],"class_list":["post-62244","post","type-post","status-publish","format-standard","has-post-thumbnail","hentry","category-estado"],"jetpack_featured_media_url":"https:\/\/encuentroinformativo.com.mx\/wp-content\/uploads\/2024\/12\/IMG-20241226-WA0153.jpg","jetpack_sharing_enabled":true,"jetpack_likes_enabled":true,"amp_enabled":true,"_links":{"self":[{"href":"https:\/\/encuentroinformativo.com.mx\/index.php?rest_route=\/wp\/v2\/posts\/62244","targetHints":{"allow":["GET"]}}],"collection":[{"href":"https:\/\/encuentroinformativo.com.mx\/index.php?rest_route=\/wp\/v2\/posts"}],"about":[{"href":"https:\/\/encuentroinformativo.com.mx\/index.php?rest_route=\/wp\/v2\/types\/post"}],"author":[{"embeddable":true,"href":"https:\/\/encuentroinformativo.com.mx\/index.php?rest_route=\/wp\/v2\/users\/2476"}],"replies":[{"embeddable":true,"href":"https:\/\/encuentroinformativo.com.mx\/index.php?rest_route=%2Fwp%2Fv2%2Fcomments&post=62244"}],"version-history":[{"count":1,"href":"https:\/\/encuentroinformativo.com.mx\/index.php?rest_route=\/wp\/v2\/posts\/62244\/revisions"}],"predecessor-version":[{"id":62245,"href":"https:\/\/encuentroinformativo.com.mx\/index.php?rest_route=\/wp\/v2\/posts\/62244\/revisions\/62245"}],"wp:featuredmedia":[{"embeddable":true,"href":"https:\/\/encuentroinformativo.com.mx\/index.php?rest_route=\/wp\/v2\/media\/62243"}],"wp:attachment":[{"href":"https:\/\/encuentroinformativo.com.mx\/index.php?rest_route=%2Fwp%2Fv2%2Fmedia&parent=62244"}],"wp:term":[{"taxonomy":"category","embeddable":true,"href":"https:\/\/encuentroinformativo.com.mx\/index.php?rest_route=%2Fwp%2Fv2%2Fcategories&post=62244"},{"taxonomy":"post_tag","embeddable":true,"href":"https:\/\/encuentroinformativo.com.mx\/index.php?rest_route=%2Fwp%2Fv2%2Ftags&post=62244"}],"curies":[{"name":"wp","href":"https:\/\/api.w.org\/{rel}","templated":true}]}}