{"id":62246,"date":"2024-12-26T17:11:04","date_gmt":"2024-12-26T23:11:04","guid":{"rendered":"https:\/\/encuentroinformativo.com.mx\/?p=62246"},"modified":"2024-12-26T17:11:04","modified_gmt":"2024-12-26T23:11:04","slug":"no-habra-despidos-en-poder-judicial-gobernadora","status":"publish","type":"post","link":"https:\/\/encuentroinformativo.com.mx\/?p=62246","title":{"rendered":"No habr\u00e1 despidos en Poder Judicial: Gobernadora"},"content":{"rendered":"<p><strong>Dar\u00edo Pale<\/strong><\/p>\n<p>Xalapa, Ver.- Pidi\u00f3 que se revise bien la Ley ya que a la Universidad Veracruzana (UV), no le corresponde el 4 por ciento del presupuesto total es \u00fanicamente del remanente del presupuesto, y no habr\u00e1 despidos masivos en el Poder Judicial del Estado de Veracruz, as\u00ed lo dio a conocer la gobernadora de Veracruz Roc\u00edo Nahle Garc\u00eda.<\/p>\n<p>En entrevista, pidi\u00f3 revisar bien la Ley, ya que el ordenamiento legal no dice que a la Universidad Veracruzana le corresponda el 4 por ciento del total del presupuesto estatal.<\/p>\n<p>&#8220;Hay que leer bien la Ley, no es el 4 por ciento del presupuesto, eso no dice la Ley. De un remanente del presupuesto, imag\u00ednense no tenemos remanentes&#8221;, manifest\u00f3.<\/p>\n<p>Sostuvo que Veracruz es de los estados m\u00e1s endeudados, por lo que su administraci\u00f3n deber\u00e1 ir pagando la deuda.<\/p>\n<p>La titular del Poder Ejecutivo calific\u00f3 al Rector como una persona de primera, un gran ser humano que hace su trabajo, pero tambi\u00e9n ella hace el suyo.<\/p>\n<p>En otro orden de ideas, tras la aprobaci\u00f3n de la reforma al Poder Judicial de Veracruz, la Gobernadora descart\u00f3 que vaya a haber despidos masivos.<\/p>\n<p>Incluso refiri\u00f3 que el propio Poder Judicial del Estado emiti\u00f3 un comunicado en donde descarta que vaya a haber despidos masivos.<\/p>\n<p>Confirm\u00f3 que la reforma define que en el 2025 se votar\u00e1 a la mitad de los jueces y magistrados del Estado y el resto ser\u00e1 a trav\u00e9s de otro proceso electoral pero en el 2027.<\/p>\n<p>Cuestionada si habr\u00e1 presupuesto extraordinario para el OPLE Veracruz, Nahle Garc\u00eda refiri\u00f3 que ya se le aprob\u00f3 un presupuesto al \u00f3rgano electoral para el pr\u00f3ximo a\u00f1o.<\/p>\n","protected":false},"excerpt":{"rendered":"<p>Dar\u00edo Pale Xalapa, Ver.- Pidi\u00f3 que se revise bien la Ley ya que a la Universidad Veracruzana (UV), no le corresponde el 4 por ciento del presupuesto total es \u00fanicamente del remanente del presupuesto, y no habr\u00e1 despidos masivos en el Poder Judicial del Estado de Veracruz, as\u00ed lo dio a conocer la gobernadora de [&hellip;]<\/p>\n","protected":false},"author":2476,"featured_media":17054,"comment_status":"open","ping_status":"open","sticky":false,"template":"","format":"standard","meta":{"_jetpack_memberships_contains_paid_content":false,"footnotes":""},"categories":[2],"tags":[],"class_list":["post-62246","post","type-post","status-publish","format-standard","has-post-thumbnail","hentry","category-estado"],"jetpack_featured_media_url":"https:\/\/encuentroinformativo.com.mx\/wp-content\/uploads\/2021\/08\/077C7199-1AA8-42CC-A412-D122345D28B6.jpeg","jetpack_sharing_enabled":true,"jetpack_likes_enabled":true,"amp_enabled":true,"_links":{"self":[{"href":"https:\/\/encuentroinformativo.com.mx\/index.php?rest_route=\/wp\/v2\/posts\/62246","targetHints":{"allow":["GET"]}}],"collection":[{"href":"https:\/\/encuentroinformativo.com.mx\/index.php?rest_route=\/wp\/v2\/posts"}],"about":[{"href":"https:\/\/encuentroinformativo.com.mx\/index.php?rest_route=\/wp\/v2\/types\/post"}],"author":[{"embeddable":true,"href":"https:\/\/encuentroinformativo.com.mx\/index.php?rest_route=\/wp\/v2\/users\/2476"}],"replies":[{"embeddable":true,"href":"https:\/\/encuentroinformativo.com.mx\/index.php?rest_route=%2Fwp%2Fv2%2Fcomments&post=62246"}],"version-history":[{"count":1,"href":"https:\/\/encuentroinformativo.com.mx\/index.php?rest_route=\/wp\/v2\/posts\/62246\/revisions"}],"predecessor-version":[{"id":62247,"href":"https:\/\/encuentroinformativo.com.mx\/index.php?rest_route=\/wp\/v2\/posts\/62246\/revisions\/62247"}],"wp:featuredmedia":[{"embeddable":true,"href":"https:\/\/encuentroinformativo.com.mx\/index.php?rest_route=\/wp\/v2\/media\/17054"}],"wp:attachment":[{"href":"https:\/\/encuentroinformativo.com.mx\/index.php?rest_route=%2Fwp%2Fv2%2Fmedia&parent=62246"}],"wp:term":[{"taxonomy":"category","embeddable":true,"href":"https:\/\/encuentroinformativo.com.mx\/index.php?rest_route=%2Fwp%2Fv2%2Fcategories&post=62246"},{"taxonomy":"post_tag","embeddable":true,"href":"https:\/\/encuentroinformativo.com.mx\/index.php?rest_route=%2Fwp%2Fv2%2Ftags&post=62246"}],"curies":[{"name":"wp","href":"https:\/\/api.w.org\/{rel}","templated":true}]}}