{"id":62248,"date":"2024-12-27T09:35:30","date_gmt":"2024-12-27T15:35:30","guid":{"rendered":"https:\/\/encuentroinformativo.com.mx\/?p=62248"},"modified":"2024-12-27T09:35:30","modified_gmt":"2024-12-27T15:35:30","slug":"al-menos-7-fallecidos-en-accidente-del-libramiento-de-perote-ado-se-impacto-con-trailer","status":"publish","type":"post","link":"https:\/\/encuentroinformativo.com.mx\/?p=62248","title":{"rendered":"Al menos 7 fallecidos en accidente del libramiento de Perote, ADO se impact\u00f3 con tr\u00e1iler"},"content":{"rendered":"<p><strong><span style=\"font-size: 1rem;\">Dar\u00edo Pale<\/span><\/strong><\/p>\n<p>Xalapa, Ver.- Esta madrugada se registr\u00f3 un fuerte accidente donde lamentablemente perdieron la vida 7 personas y 17 m\u00e1s resultaron heridos, esto al chocar un ADO y un tr\u00e1iler en la autopista Perote-Xalapa.<\/p>\n<p>Seg\u00fan un reporte preliminar es de 7 personas fallecidas y 17 lesionados del accidente entre un autob\u00fas de la linea ADO y un tr\u00e1iler, la madrugada de este viernes en el libramiento de Perote.<\/p>\n<p>La circulaci\u00f3n se vio interrumpida por varias horas en tanto se realizaban las tareas de rescate.<\/p>\n<p>Se presume que el siniestro se registr\u00f3 debido a que el conductor del autob\u00fas ADO no habr\u00eda visto el tr\u00e1iler con placas 448WC1 y termin\u00f3 impactando la parte trasera del autob\u00fas.<\/p>\n<p>El autob\u00fas cubr\u00eda la ruta CDMX &#8211; Xalapa.<\/p>\n<p>Ambulancias acudieron para atender la situaci\u00f3n, as\u00ed como personal de la Guardia Nacional, Bomberos, Polic\u00edas Estatales y Protecci\u00f3n Civil entre las ambulancias que llegaron de Xalapa y Perote son: Ambulancias BAP, ARIES, CNE, SAPP, Grupo Panteras, Cruz Roja, J\u00f3venes en Movimiento y M\u00e9dica del Futuro.<\/p>\n<p>Lamentablemente en el lugar del accidente fallecieron 5 personas una m\u00e1s en la policl\u00ednica de Xalapa y un menor de edad en el hospital regional de Perote, seg\u00fan se dice fueron 3 hombres y 3 mujeres as\u00ed como un menor de edad.<\/p>\n<p>Los lesionados fueron trasladados 4 al hospital regional de Perote y 13 a la policl\u00ednica.<\/p>\n<p>Alrededor de las 6 de la ma\u00f1ana iniciaron las maniobras para retirar ambos veh\u00edculos.<\/p>\n<p><img loading=\"lazy\" decoding=\"async\" class=\"alignnone size-medium wp-image-62250\" src=\"https:\/\/encuentroinformativo.com.mx\/wp-content\/uploads\/2024\/12\/IMG-20241227-WA00072-300x120.jpg\" alt=\"\" width=\"300\" height=\"120\" srcset=\"https:\/\/encuentroinformativo.com.mx\/wp-content\/uploads\/2024\/12\/IMG-20241227-WA00072-300x120.jpg 300w, https:\/\/encuentroinformativo.com.mx\/wp-content\/uploads\/2024\/12\/IMG-20241227-WA00072-768x308.jpg 768w, https:\/\/encuentroinformativo.com.mx\/wp-content\/uploads\/2024\/12\/IMG-20241227-WA00072.jpg 857w\" sizes=\"auto, (max-width: 300px) 100vw, 300px\" \/><\/p>\n","protected":false},"excerpt":{"rendered":"<p>Dar\u00edo Pale Xalapa, Ver.- Esta madrugada se registr\u00f3 un fuerte accidente donde lamentablemente perdieron la vida 7 personas y 17 m\u00e1s resultaron heridos, esto al chocar un ADO y un tr\u00e1iler en la autopista Perote-Xalapa. Seg\u00fan un reporte preliminar es de 7 personas fallecidas y 17 lesionados del accidente entre un autob\u00fas de la linea [&hellip;]<\/p>\n","protected":false},"author":2476,"featured_media":62249,"comment_status":"open","ping_status":"open","sticky":false,"template":"","format":"standard","meta":{"_jetpack_memberships_contains_paid_content":false,"footnotes":""},"categories":[8],"tags":[],"class_list":["post-62248","post","type-post","status-publish","format-standard","has-post-thumbnail","hentry","category-region"],"jetpack_featured_media_url":"https:\/\/encuentroinformativo.com.mx\/wp-content\/uploads\/2024\/12\/IMG-20241227-WA00082.jpg","jetpack_sharing_enabled":true,"jetpack_likes_enabled":true,"amp_enabled":true,"_links":{"self":[{"href":"https:\/\/encuentroinformativo.com.mx\/index.php?rest_route=\/wp\/v2\/posts\/62248","targetHints":{"allow":["GET"]}}],"collection":[{"href":"https:\/\/encuentroinformativo.com.mx\/index.php?rest_route=\/wp\/v2\/posts"}],"about":[{"href":"https:\/\/encuentroinformativo.com.mx\/index.php?rest_route=\/wp\/v2\/types\/post"}],"author":[{"embeddable":true,"href":"https:\/\/encuentroinformativo.com.mx\/index.php?rest_route=\/wp\/v2\/users\/2476"}],"replies":[{"embeddable":true,"href":"https:\/\/encuentroinformativo.com.mx\/index.php?rest_route=%2Fwp%2Fv2%2Fcomments&post=62248"}],"version-history":[{"count":2,"href":"https:\/\/encuentroinformativo.com.mx\/index.php?rest_route=\/wp\/v2\/posts\/62248\/revisions"}],"predecessor-version":[{"id":62252,"href":"https:\/\/encuentroinformativo.com.mx\/index.php?rest_route=\/wp\/v2\/posts\/62248\/revisions\/62252"}],"wp:featuredmedia":[{"embeddable":true,"href":"https:\/\/encuentroinformativo.com.mx\/index.php?rest_route=\/wp\/v2\/media\/62249"}],"wp:attachment":[{"href":"https:\/\/encuentroinformativo.com.mx\/index.php?rest_route=%2Fwp%2Fv2%2Fmedia&parent=62248"}],"wp:term":[{"taxonomy":"category","embeddable":true,"href":"https:\/\/encuentroinformativo.com.mx\/index.php?rest_route=%2Fwp%2Fv2%2Fcategories&post=62248"},{"taxonomy":"post_tag","embeddable":true,"href":"https:\/\/encuentroinformativo.com.mx\/index.php?rest_route=%2Fwp%2Fv2%2Ftags&post=62248"}],"curies":[{"name":"wp","href":"https:\/\/api.w.org\/{rel}","templated":true}]}}